{"id":235142,"date":"2025-11-15T12:04:53","date_gmt":"2025-11-15T19:04:53","guid":{"rendered":"https:\/\/rnoticias.com.mx\/Portal\/?p=235142"},"modified":"2025-11-15T12:04:53","modified_gmt":"2025-11-15T19:04:53","slug":"influencer-de-la-scjn-renuncia-a-su-puesto-por-promocionarse-como-coach","status":"publish","type":"post","link":"https:\/\/rnoticias.com.mx\/Portal\/2025\/11\/15\/influencer-de-la-scjn-renuncia-a-su-puesto-por-promocionarse-como-coach\/","title":{"rendered":"Influencer de la SCJN renuncia a su puesto por promocionarse como &#8216;coach&#8217;"},"content":{"rendered":"<p>Al revelarse que Karina Villeda,\u00a0<strong>directora<\/strong>\u00a0del archivo de la\u00a0<strong>Suprema Corte de Justicia de la Naci\u00f3n\u00a0<\/strong>(SCJN) utilizaba su cargo para grabar videos motivaciones en su oficina, como &#8220;<strong>coach consciente&#8221;\u00a0<\/strong>renunci\u00f3 a su puesto.<\/p>\n<p><strong>A trav\u00e9s de una carta que el ministro presidente acept\u00f3 que renunciaba \u201ca efecto de no afectar la imagen institucional\u201d.<\/strong><\/p>\n<p>Asimismo, acept\u00f3 que ella grab\u00f3 sus videos de coach consciente en su oficina y los publicaba en sus redes sociales.<\/p>\n<p>Contaba con un total de 294 seguidores y solo contaba con un comentario en todas sus publicaciones.<\/p>\n<p>Seg\u00fan con la periodista Peniley Ram\u00edrez, Karina Villeda era jueza de distrito en Chiapas, en marzo del 2024, y fue candidata fallida en la pasada elecci\u00f3n judicial, pese a lo cual la nombraron directora del archivo de la SCJN, aun cuando no contaba con experiencia para el puesto.<\/p>\n<p><strong>Refiere que durante el mencionado proceso, Karina Villeda supuestamente realiz\u00f3 un doctorado en un solo a\u00f1o, del cual no se hall\u00f3 ning\u00fan registro ni c\u00e9dula profesional que lo acredite.<\/strong><\/p>\n<p>Tras su llegada a la SCJN, us\u00f3 su oficina para grabar videos que invitan a reflexionar, a respirar y a comer papaya con conciencia.<\/p>\n<p>Tambi\u00e9n, la periodista se\u00f1ala que a Karina Villeda la contrataron en la SCJN para dirigir el Centro de Documentaci\u00f3n y An\u00e1lisis, as\u00ed como para administrar el archivo, realizar investigaciones hist\u00f3rico-jur\u00eddicas y de atender a los usuarios.<\/p>\n<p>&nbsp;<\/p>\n<p>Fuente: XEU<\/p>\n","protected":false},"excerpt":{"rendered":"<p>Al revelarse que Karina Villeda,\u00a0directora\u00a0del archivo de la\u00a0Suprema Corte de Justicia de la Naci\u00f3n\u00a0(SCJN) utilizaba su cargo para grabar videos motivaciones en su oficina, como &#8220;coach consciente&#8221;\u00a0renunci\u00f3 a su puesto. A trav\u00e9s de una carta que el ministro presidente acept\u00f3 que renunciaba \u201ca efecto de no afectar la imagen institucional\u201d. Asimismo, acept\u00f3 que ella grab\u00f3 [&hellip;]<\/p>\n","protected":false},"author":2,"featured_media":235143,"comment_status":"closed","ping_status":"closed","sticky":false,"template":"","format":"standard","meta":{"footnotes":""},"categories":[12870,172],"tags":[12865,12874],"class_list":["post-235142","post","type-post","status-publish","format-standard","has-post-thumbnail","hentry","category-destacadas","category-nacional","tag-destacadas","tag-nacional"],"jetpack_featured_media_url":"https:\/\/rnoticias.com.mx\/Portal\/wp-content\/uploads\/2025\/11\/55297.png","amp_enabled":true,"_links":{"self":[{"href":"https:\/\/rnoticias.com.mx\/Portal\/wp-json\/wp\/v2\/posts\/235142","targetHints":{"allow":["GET"]}}],"collection":[{"href":"https:\/\/rnoticias.com.mx\/Portal\/wp-json\/wp\/v2\/posts"}],"about":[{"href":"https:\/\/rnoticias.com.mx\/Portal\/wp-json\/wp\/v2\/types\/post"}],"author":[{"embeddable":true,"href":"https:\/\/rnoticias.com.mx\/Portal\/wp-json\/wp\/v2\/users\/2"}],"replies":[{"embeddable":true,"href":"https:\/\/rnoticias.com.mx\/Portal\/wp-json\/wp\/v2\/comments?post=235142"}],"version-history":[{"count":1,"href":"https:\/\/rnoticias.com.mx\/Portal\/wp-json\/wp\/v2\/posts\/235142\/revisions"}],"predecessor-version":[{"id":235144,"href":"https:\/\/rnoticias.com.mx\/Portal\/wp-json\/wp\/v2\/posts\/235142\/revisions\/235144"}],"wp:featuredmedia":[{"embeddable":true,"href":"https:\/\/rnoticias.com.mx\/Portal\/wp-json\/wp\/v2\/media\/235143"}],"wp:attachment":[{"href":"https:\/\/rnoticias.com.mx\/Portal\/wp-json\/wp\/v2\/media?parent=235142"}],"wp:term":[{"taxonomy":"category","embeddable":true,"href":"https:\/\/rnoticias.com.mx\/Portal\/wp-json\/wp\/v2\/categories?post=235142"},{"taxonomy":"post_tag","embeddable":true,"href":"https:\/\/rnoticias.com.mx\/Portal\/wp-json\/wp\/v2\/tags?post=235142"}],"curies":[{"name":"wp","href":"https:\/\/api.w.org\/{rel}","templated":true}]}}