{"id":235135,"date":"2025-11-14T18:30:14","date_gmt":"2025-11-15T01:30:14","guid":{"rendered":"https:\/\/rnoticias.com.mx\/Portal\/?p=235135"},"modified":"2025-11-14T18:30:14","modified_gmt":"2025-11-15T01:30:14","slug":"diputada-marcela-maval-valenzuela-nevarez-llama-a-reforzar-la-prevencion-y-atencion-integral-de-la-diabetes-en-sonora","status":"publish","type":"post","link":"https:\/\/rnoticias.com.mx\/Portal\/2025\/11\/14\/diputada-marcela-maval-valenzuela-nevarez-llama-a-reforzar-la-prevencion-y-atencion-integral-de-la-diabetes-en-sonora\/","title":{"rendered":"Diputada Marcela \u201cMaval\u201d Valenzuela Nev\u00e1rez llama a reforzar la prevenci\u00f3n y atenci\u00f3n integral de la diabetes en Sonora"},"content":{"rendered":"<p>Hermosillo, Sonora; 14 de noviembre de 2025.- En el marco del D\u00eda Mundial de la Diabetes, la diputada Marcela \u201cMaval\u201d Valenzuela Nev\u00e1rez emiti\u00f3 un posicionamiento en el que destac\u00f3 la urgencia de fortalecer las pol\u00edticas p\u00fablicas dirigidas a la prevenci\u00f3n, detecci\u00f3n oportuna y atenci\u00f3n integral de esta enfermedad cr\u00f3nica, que representa uno de los principales retos de salud p\u00fablica en la entidad.<\/p>\n<p>Durante su intervenci\u00f3n, la legisladora se\u00f1al\u00f3 que la diabetes, especialmente la tipo 2, contin\u00faa afectando de manera alarmante a la poblaci\u00f3n sonorense. De acuerdo con datos oficiales, en 2022 la diabetes fue la tercera causa de muerte en Sonora, con mil 628 defunciones, lo que equivale al 7.5 por ciento del total de fallecimientos registrados en ese a\u00f1o. Adem\u00e1s, la prevalencia de diagn\u00f3stico en adultos se estim\u00f3 en 11.2 por ciento, cifra superior a la media nacional.<\/p>\n<p>Valenzuela Nev\u00e1rez advirti\u00f3 que aproximadamente dos de cada diez sonorenses presentan condiciones de prediabetes o diabetes, y una gran parte de ellos desconoce su diagn\u00f3stico o no cuenta con el control adecuado. Asimismo, mencion\u00f3 que hasta el 82 por ciento de las personas diagnosticadas con diabetes tipo 2 en la entidad presentan al menos un factor de riesgo para complicaciones, como obesidad, hipertensi\u00f3n o colesterol elevado.<\/p>\n<p>La diputada reconoci\u00f3 las acciones emprendidas por el Gobierno de Sonora, que incluyen campa\u00f1as para la promoci\u00f3n de estilos de vida saludables, detecci\u00f3n temprana, fortalecimiento del sistema de salud y trabajo interinstitucional con diversos sectores. Sin embargo, consider\u00f3 que a\u00fan es necesario profundizar en las estrategias y garantizar su continuidad.<\/p>\n<p>En ese sentido, refrend\u00f3 su compromiso de acompa\u00f1ar, fortalecer y legislar en favor de pol\u00edticas p\u00fablicas que contribuyan a reducir la prevalencia de la diabetes en Sonora y mejoren la calidad de vida de quienes viven con este padecimiento.<\/p>\n<p>\u201cEn este D\u00eda Mundial de la Diabetes hago un llamado a la acci\u00f3n colectiva para construir entornos saludables, hacer visible la prevenci\u00f3n y garantizar que nadie quede excluido del acceso a la atenci\u00f3n\u201d, expres\u00f3 la legisladora.<\/p>\n<p>Con este llamado, la diputada Marcela \u201cMaval\u201d Valenzuela Nev\u00e1rez exhort\u00f3 a la sociedad y a las autoridades a trabajar de manera conjunta, reforzando la prevenci\u00f3n y garantizando que cada persona tenga acceso a servicios de salud oportunos y de calidad.<\/p>\n","protected":false},"excerpt":{"rendered":"<p>Hermosillo, Sonora; 14 de noviembre de 2025.- En el marco del D\u00eda Mundial de la Diabetes, la diputada Marcela \u201cMaval\u201d Valenzuela Nev\u00e1rez emiti\u00f3 un posicionamiento en el que destac\u00f3 la urgencia de fortalecer las pol\u00edticas p\u00fablicas dirigidas a la prevenci\u00f3n, detecci\u00f3n oportuna y atenci\u00f3n integral de esta enfermedad cr\u00f3nica, que representa uno de los principales [&hellip;]<\/p>\n","protected":false},"author":2,"featured_media":235136,"comment_status":"closed","ping_status":"closed","sticky":false,"template":"","format":"standard","meta":{"footnotes":""},"categories":[12870,12868],"tags":[12865,12879],"class_list":["post-235135","post","type-post","status-publish","format-standard","has-post-thumbnail","hentry","category-destacadas","category-politica","tag-destacadas","tag-politica"],"jetpack_featured_media_url":"https:\/\/rnoticias.com.mx\/Portal\/wp-content\/uploads\/2025\/11\/5013d097-1a6b-4244-a699-620932072778.jpeg","amp_enabled":true,"_links":{"self":[{"href":"https:\/\/rnoticias.com.mx\/Portal\/wp-json\/wp\/v2\/posts\/235135","targetHints":{"allow":["GET"]}}],"collection":[{"href":"https:\/\/rnoticias.com.mx\/Portal\/wp-json\/wp\/v2\/posts"}],"about":[{"href":"https:\/\/rnoticias.com.mx\/Portal\/wp-json\/wp\/v2\/types\/post"}],"author":[{"embeddable":true,"href":"https:\/\/rnoticias.com.mx\/Portal\/wp-json\/wp\/v2\/users\/2"}],"replies":[{"embeddable":true,"href":"https:\/\/rnoticias.com.mx\/Portal\/wp-json\/wp\/v2\/comments?post=235135"}],"version-history":[{"count":1,"href":"https:\/\/rnoticias.com.mx\/Portal\/wp-json\/wp\/v2\/posts\/235135\/revisions"}],"predecessor-version":[{"id":235137,"href":"https:\/\/rnoticias.com.mx\/Portal\/wp-json\/wp\/v2\/posts\/235135\/revisions\/235137"}],"wp:featuredmedia":[{"embeddable":true,"href":"https:\/\/rnoticias.com.mx\/Portal\/wp-json\/wp\/v2\/media\/235136"}],"wp:attachment":[{"href":"https:\/\/rnoticias.com.mx\/Portal\/wp-json\/wp\/v2\/media?parent=235135"}],"wp:term":[{"taxonomy":"category","embeddable":true,"href":"https:\/\/rnoticias.com.mx\/Portal\/wp-json\/wp\/v2\/categories?post=235135"},{"taxonomy":"post_tag","embeddable":true,"href":"https:\/\/rnoticias.com.mx\/Portal\/wp-json\/wp\/v2\/tags?post=235135"}],"curies":[{"name":"wp","href":"https:\/\/api.w.org\/{rel}","templated":true}]}}