{"id":235129,"date":"2025-11-14T18:28:06","date_gmt":"2025-11-15T01:28:06","guid":{"rendered":"https:\/\/rnoticias.com.mx\/Portal\/?p=235129"},"modified":"2025-11-14T18:28:06","modified_gmt":"2025-11-15T01:28:06","slug":"cierra-este-sabado-la-convocatoria-para-participar-en-el-tercer-parlamento-para-la-inclusion-de-personas-con-discapacidad","status":"publish","type":"post","link":"https:\/\/rnoticias.com.mx\/Portal\/2025\/11\/14\/cierra-este-sabado-la-convocatoria-para-participar-en-el-tercer-parlamento-para-la-inclusion-de-personas-con-discapacidad\/","title":{"rendered":"Cierra este s\u00e1bado la convocatoria para participar en el Tercer Parlamento para la Inclusi\u00f3n de Personas con Discapacidad"},"content":{"rendered":"<p>Hermosillo, Sonora; 14 de noviembre de 2025.- La Comisi\u00f3n de Atenci\u00f3n a Grupos Vulnerables de la Sociedad del Congreso del Estado inform\u00f3 que el pr\u00f3ximo s\u00e1bado 15 de noviembre cierra la convocatoria para inscribirse al Tercer Parlamento para la Inclusi\u00f3n de Personas con Discapacidad, que tiene como prop\u00f3sito ofrecer un espacio de escucha a este sector, conocer propuestas e impulsar iniciativas que fortalezcan pol\u00edticas p\u00fablicas m\u00e1s justas, accesibles y equitativas.<\/p>\n<p>La legisladora Jazm\u00edn G\u00f3mez Liz\u00e1rraga, presidenta de la comisi\u00f3n, coment\u00f3 que las personas interesadas deber\u00e1n presentar una propuesta de dos a cinco cuartillas por escrito, o de dos a cinco minutos en video o audio, sobre alguno de los cuatro ejes tem\u00e1ticos: salud integral y bienestar; discriminaci\u00f3n, derechos y condiciones laborales; educaci\u00f3n inclusiva y desarrollo social; participaci\u00f3n ciudadana y pol\u00edticas p\u00fablicas inclusivas.<\/p>\n<p>Una vez cerrado el plazo de recepci\u00f3n de propuestas, dijo, los integrantes de la comisi\u00f3n seleccionar\u00e1n a 33 personas a m\u00e1s tardar el 21 de noviembre para participar en el parlamento, aplicando el principio de paridad de g\u00e9nero y contemplando diversas discapacidades.<\/p>\n<p>Las propuestas podr\u00e1n ser entregadas en la Oficial\u00eda de Partes del Congreso del Estado o de manera digital al correo parlamentodiscapacidad@congresoson.gob.mx.<\/p>\n<p>El parlamento se llevar\u00e1 a cabo el viernes 5 de diciembre de 2025, de manera presencial, en un horario de 09:00 a 14:00 horas, en el Centro de Rehabilitaci\u00f3n e Inclusi\u00f3n Telet\u00f3n (CRIT).<\/p>\n<p>La convocatoria completa se encuentra disponible en la p\u00e1gina oficial del Poder Legislativo, congresoson.gob.mx.<\/p>\n","protected":false},"excerpt":{"rendered":"<p>Hermosillo, Sonora; 14 de noviembre de 2025.- La Comisi\u00f3n de Atenci\u00f3n a Grupos Vulnerables de la Sociedad del Congreso del Estado inform\u00f3 que el pr\u00f3ximo s\u00e1bado 15 de noviembre cierra la convocatoria para inscribirse al Tercer Parlamento para la Inclusi\u00f3n de Personas con Discapacidad, que tiene como prop\u00f3sito ofrecer un espacio de escucha a este [&hellip;]<\/p>\n","protected":false},"author":2,"featured_media":235130,"comment_status":"closed","ping_status":"closed","sticky":false,"template":"","format":"standard","meta":{"footnotes":""},"categories":[12870,12868],"tags":[12865,12879],"class_list":["post-235129","post","type-post","status-publish","format-standard","has-post-thumbnail","hentry","category-destacadas","category-politica","tag-destacadas","tag-politica"],"jetpack_featured_media_url":"https:\/\/rnoticias.com.mx\/Portal\/wp-content\/uploads\/2025\/11\/45f3a6d3-272a-4f1e-b4cd-128dcb225766.jpeg","amp_enabled":true,"_links":{"self":[{"href":"https:\/\/rnoticias.com.mx\/Portal\/wp-json\/wp\/v2\/posts\/235129","targetHints":{"allow":["GET"]}}],"collection":[{"href":"https:\/\/rnoticias.com.mx\/Portal\/wp-json\/wp\/v2\/posts"}],"about":[{"href":"https:\/\/rnoticias.com.mx\/Portal\/wp-json\/wp\/v2\/types\/post"}],"author":[{"embeddable":true,"href":"https:\/\/rnoticias.com.mx\/Portal\/wp-json\/wp\/v2\/users\/2"}],"replies":[{"embeddable":true,"href":"https:\/\/rnoticias.com.mx\/Portal\/wp-json\/wp\/v2\/comments?post=235129"}],"version-history":[{"count":1,"href":"https:\/\/rnoticias.com.mx\/Portal\/wp-json\/wp\/v2\/posts\/235129\/revisions"}],"predecessor-version":[{"id":235131,"href":"https:\/\/rnoticias.com.mx\/Portal\/wp-json\/wp\/v2\/posts\/235129\/revisions\/235131"}],"wp:featuredmedia":[{"embeddable":true,"href":"https:\/\/rnoticias.com.mx\/Portal\/wp-json\/wp\/v2\/media\/235130"}],"wp:attachment":[{"href":"https:\/\/rnoticias.com.mx\/Portal\/wp-json\/wp\/v2\/media?parent=235129"}],"wp:term":[{"taxonomy":"category","embeddable":true,"href":"https:\/\/rnoticias.com.mx\/Portal\/wp-json\/wp\/v2\/categories?post=235129"},{"taxonomy":"post_tag","embeddable":true,"href":"https:\/\/rnoticias.com.mx\/Portal\/wp-json\/wp\/v2\/tags?post=235129"}],"curies":[{"name":"wp","href":"https:\/\/api.w.org\/{rel}","templated":true}]}}