{"id":235114,"date":"2025-11-14T18:18:31","date_gmt":"2025-11-15T01:18:31","guid":{"rendered":"https:\/\/rnoticias.com.mx\/Portal\/?p=235114"},"modified":"2025-11-14T18:18:31","modified_gmt":"2025-11-15T01:18:31","slug":"instituto-sonorense-de-la-juventud-amplia-convocatoria-del-premio-estatal-de-la-juventud","status":"publish","type":"post","link":"https:\/\/rnoticias.com.mx\/Portal\/2025\/11\/14\/instituto-sonorense-de-la-juventud-amplia-convocatoria-del-premio-estatal-de-la-juventud\/","title":{"rendered":"Instituto Sonorense de la Juventud ampl\u00eda convocatoria del Premio Estatal de la Juventud"},"content":{"rendered":"<p>Hermosillo, Sonora; 14 de noviembre de 2025.- El Instituto Sonorense de la Juventud (ISJ), informa la ampliaci\u00f3n del plazo de registro para participar en el Premio Estatal de la Juventud (PEJ) 2025, el m\u00e1ximo reconocimiento que se otorga a las y los j\u00f3venes sonorenses destacados en distintos \u00e1mbitos.<\/p>\n<p>Por solicitud de j\u00f3venes de diversos municipios del estado y conforme a lo estipulado en la convocatoria, se determin\u00f3 extender el periodo de inscripci\u00f3n hasta el 30 de noviembre. Esta medida busca brindar mayores oportunidades de participaci\u00f3n en las cuatro categor\u00edas establecidas: 12 a 15 a\u00f1os, 16 a 19 a\u00f1os, 20 a 24 a\u00f1os y 25 a 29 a\u00f1os.<\/p>\n<p>El Premio Estatal de la Juventud se consolida como el reconocimiento a la juventud m\u00e1s grande a nivel nacional, al otorgar premios de 120 mil pesos a cada una y cada uno de los 48 ganadores, conformando una bolsa total de 5 millones 760 mil pesos.<\/p>\n<p>Con esta ampliaci\u00f3n, el ISJ reafirma su compromiso de impulsar el talento, liderazgo y esfuerzo de las juventudes sonorenses, promoviendo el desarrollo integral y la participaci\u00f3n activa de las y los j\u00f3venes en la transformaci\u00f3n de su entorno.<\/p>\n<p>Para consultar la convocatoria completa y realizar el registro, las y los interesados pueden ingresar a bio.link\/isjuventud.<\/p>\n","protected":false},"excerpt":{"rendered":"<p>Hermosillo, Sonora; 14 de noviembre de 2025.- El Instituto Sonorense de la Juventud (ISJ), informa la ampliaci\u00f3n del plazo de registro para participar en el Premio Estatal de la Juventud (PEJ) 2025, el m\u00e1ximo reconocimiento que se otorga a las y los j\u00f3venes sonorenses destacados en distintos \u00e1mbitos. Por solicitud de j\u00f3venes de diversos municipios [&hellip;]<\/p>\n","protected":false},"author":2,"featured_media":235115,"comment_status":"closed","ping_status":"closed","sticky":false,"template":"","format":"standard","meta":{"footnotes":""},"categories":[12870,178],"tags":[12865,12869],"class_list":["post-235114","post","type-post","status-publish","format-standard","has-post-thumbnail","hentry","category-destacadas","category-local","tag-destacadas","tag-local"],"jetpack_featured_media_url":"https:\/\/rnoticias.com.mx\/Portal\/wp-content\/uploads\/2025\/11\/211.jpg","amp_enabled":true,"_links":{"self":[{"href":"https:\/\/rnoticias.com.mx\/Portal\/wp-json\/wp\/v2\/posts\/235114","targetHints":{"allow":["GET"]}}],"collection":[{"href":"https:\/\/rnoticias.com.mx\/Portal\/wp-json\/wp\/v2\/posts"}],"about":[{"href":"https:\/\/rnoticias.com.mx\/Portal\/wp-json\/wp\/v2\/types\/post"}],"author":[{"embeddable":true,"href":"https:\/\/rnoticias.com.mx\/Portal\/wp-json\/wp\/v2\/users\/2"}],"replies":[{"embeddable":true,"href":"https:\/\/rnoticias.com.mx\/Portal\/wp-json\/wp\/v2\/comments?post=235114"}],"version-history":[{"count":1,"href":"https:\/\/rnoticias.com.mx\/Portal\/wp-json\/wp\/v2\/posts\/235114\/revisions"}],"predecessor-version":[{"id":235116,"href":"https:\/\/rnoticias.com.mx\/Portal\/wp-json\/wp\/v2\/posts\/235114\/revisions\/235116"}],"wp:featuredmedia":[{"embeddable":true,"href":"https:\/\/rnoticias.com.mx\/Portal\/wp-json\/wp\/v2\/media\/235115"}],"wp:attachment":[{"href":"https:\/\/rnoticias.com.mx\/Portal\/wp-json\/wp\/v2\/media?parent=235114"}],"wp:term":[{"taxonomy":"category","embeddable":true,"href":"https:\/\/rnoticias.com.mx\/Portal\/wp-json\/wp\/v2\/categories?post=235114"},{"taxonomy":"post_tag","embeddable":true,"href":"https:\/\/rnoticias.com.mx\/Portal\/wp-json\/wp\/v2\/tags?post=235114"}],"curies":[{"name":"wp","href":"https:\/\/api.w.org\/{rel}","templated":true}]}}