{"id":235111,"date":"2025-11-14T17:56:36","date_gmt":"2025-11-15T00:56:36","guid":{"rendered":"https:\/\/rnoticias.com.mx\/Portal\/?p=235111"},"modified":"2025-11-14T17:56:36","modified_gmt":"2025-11-15T00:56:36","slug":"gobierno-blinda-con-vallas-de-concreto-por-marcha-de-la-generacion-z","status":"publish","type":"post","link":"https:\/\/rnoticias.com.mx\/Portal\/2025\/11\/14\/gobierno-blinda-con-vallas-de-concreto-por-marcha-de-la-generacion-z\/","title":{"rendered":"Gobierno &#8216;blinda&#8217; con vallas de concreto por marcha de la Generaci\u00f3n Z"},"content":{"rendered":"<p>Este viernes, el\u00a0<strong>Gobierno de M\u00e9xico blind\u00f3 un dispositivo de seguridad altamente reforzado en el primer cuadro de la ciudad, a un d\u00eda de la marcha convocada por la generaci\u00f3n Z en\u00a0m\u00e1s de 50 ciudades de 31 estados.<\/strong><\/p>\n<p>Los Elementos de la Secretar\u00eda de Seguridad Ciudadana de la Ciudad de M\u00e9xico (SSC)\u00a0<strong>colocaron\u00a0barricadas de concreto\u00a0en los accesos principales al Z\u00f3calo capitalino<\/strong>, incluidas avenidas como la calle 16 de septiembre, para limitar tanto el paso vehicular como peatonal.<\/p>\n<p>Adem\u00e1s de las vallas met\u00e1licas que previamente se colocaron alrededor del Palacio Nacional,<strong>\u00a0tambi\u00e9n fueron reforzadas mediante soldadura, cadenas y candados, para evitar su desmontaje o vulneraci\u00f3n.<\/strong><\/p>\n<p><strong>Seg\u00fan las autoridades justifican el cerco como una medida preventiva ante la\u00a0movilizaci\u00f3n masiva prevista para este s\u00e1bado, en la cual j\u00f3venes que integran la generaci\u00f3n Z marchar\u00e1n desde el\u00a0\u00c1ngel de la Independencia\u00a0hasta el Z\u00f3calo,\u00a0para manifestarse contra la corrupci\u00f3n, el miedo y la desinformaci\u00f3n.<\/strong><\/p>\n<p>Se busca evitar posibles bloqueos, alteraciones del orden o intento de ingreso de manifestantes al\u00a0Palacio Nacional\u00a0sin autorizaci\u00f3n, como ya ocurri\u00f3 en protestas anteriores.<\/p>\n<div class=\"video-responsive horizontal-video\"><\/div>\n<p>Fuente: UnoTV<\/p>\n","protected":false},"excerpt":{"rendered":"<p>Este viernes, el\u00a0Gobierno de M\u00e9xico blind\u00f3 un dispositivo de seguridad altamente reforzado en el primer cuadro de la ciudad, a un d\u00eda de la marcha convocada por la generaci\u00f3n Z en\u00a0m\u00e1s de 50 ciudades de 31 estados. Los Elementos de la Secretar\u00eda de Seguridad Ciudadana de la Ciudad de M\u00e9xico (SSC)\u00a0colocaron\u00a0barricadas de concreto\u00a0en los accesos [&hellip;]<\/p>\n","protected":false},"author":2,"featured_media":235112,"comment_status":"closed","ping_status":"closed","sticky":false,"template":"","format":"standard","meta":{"footnotes":""},"categories":[12870,172],"tags":[12865,12874],"class_list":["post-235111","post","type-post","status-publish","format-standard","has-post-thumbnail","hentry","category-destacadas","category-nacional","tag-destacadas","tag-nacional"],"jetpack_featured_media_url":"https:\/\/rnoticias.com.mx\/Portal\/wp-content\/uploads\/2025\/11\/narco-estado-131550-1024x576-1.jpg","amp_enabled":true,"_links":{"self":[{"href":"https:\/\/rnoticias.com.mx\/Portal\/wp-json\/wp\/v2\/posts\/235111","targetHints":{"allow":["GET"]}}],"collection":[{"href":"https:\/\/rnoticias.com.mx\/Portal\/wp-json\/wp\/v2\/posts"}],"about":[{"href":"https:\/\/rnoticias.com.mx\/Portal\/wp-json\/wp\/v2\/types\/post"}],"author":[{"embeddable":true,"href":"https:\/\/rnoticias.com.mx\/Portal\/wp-json\/wp\/v2\/users\/2"}],"replies":[{"embeddable":true,"href":"https:\/\/rnoticias.com.mx\/Portal\/wp-json\/wp\/v2\/comments?post=235111"}],"version-history":[{"count":1,"href":"https:\/\/rnoticias.com.mx\/Portal\/wp-json\/wp\/v2\/posts\/235111\/revisions"}],"predecessor-version":[{"id":235113,"href":"https:\/\/rnoticias.com.mx\/Portal\/wp-json\/wp\/v2\/posts\/235111\/revisions\/235113"}],"wp:featuredmedia":[{"embeddable":true,"href":"https:\/\/rnoticias.com.mx\/Portal\/wp-json\/wp\/v2\/media\/235112"}],"wp:attachment":[{"href":"https:\/\/rnoticias.com.mx\/Portal\/wp-json\/wp\/v2\/media?parent=235111"}],"wp:term":[{"taxonomy":"category","embeddable":true,"href":"https:\/\/rnoticias.com.mx\/Portal\/wp-json\/wp\/v2\/categories?post=235111"},{"taxonomy":"post_tag","embeddable":true,"href":"https:\/\/rnoticias.com.mx\/Portal\/wp-json\/wp\/v2\/tags?post=235111"}],"curies":[{"name":"wp","href":"https:\/\/api.w.org\/{rel}","templated":true}]}}