{"id":235108,"date":"2025-11-14T17:26:06","date_gmt":"2025-11-15T00:26:06","guid":{"rendered":"https:\/\/rnoticias.com.mx\/Portal\/?p=235108"},"modified":"2025-11-14T17:26:06","modified_gmt":"2025-11-15T00:26:06","slug":"imtes-suspende-licencias-a-choferes-por-grabar-videos-al-conducir","status":"publish","type":"post","link":"https:\/\/rnoticias.com.mx\/Portal\/2025\/11\/14\/imtes-suspende-licencias-a-choferes-por-grabar-videos-al-conducir\/","title":{"rendered":"IMTES suspende licencias a choferes por grabar videos al conducir"},"content":{"rendered":"<p>Hermosillo, Sonora; 14 de noviembre de 2025.- El Instituto de Movilidad y Transporte para el Estado de Sonora (IMTES), sancion\u00f3 a dos operadores de transporte urbano de Hermosillo, resultado de las denuncias recibidas de parte de la ciudadan\u00eda por grabar videos para redes sociales mientras conducen.<\/p>\n<p>Carlos Sosa Casta\u00f1eda, coordinador ejecutivo del Instituto de Movilidad y Transporte para el Estado de Sonora (IMTES), inform\u00f3 que las penalizaciones fueron por incumplimiento al art\u00edculo 106, fracci\u00f3n XXI, de la Ley de Transporte, misma que remite a la Ley de Tr\u00e1nsito del Estado de Sonora, espec\u00edficamente a los art\u00edculos 108 y 225 Bis.<\/p>\n<p>Dicho ordenamiento establece que \u201cninguna persona conducir\u00e1 un veh\u00edculo de motor sin llevar firmemente con ambas manos el control de la direcci\u00f3n, ni llevar\u00e1 a su izquierda o entre sus brazos ninguna persona o bulto, ni permitir\u00e1 que otra persona tome el control de la direcci\u00f3n o dificulte esta maniobra\u201d.<\/p>\n<p>Asimismo, \u201cqueda prohibido a los conductores hacer uso de tel\u00e9fonos celulares, dispositivos de comunicaci\u00f3n, computadoras o cualquier otro art\u00edculo que distraiga o dificulte la maniobrabilidad del veh\u00edculo\u201d.<\/p>\n<p>Adem\u00e1s de la suspensi\u00f3n de licencias, los operadores deber\u00e1n pagar una multa, por lo que no pueden manejar ning\u00fan veh\u00edculo de transporte p\u00fablico.<\/p>\n<p>Agreg\u00f3 que las y los operadores deben acatar las normas de tr\u00e1nsito para la correcta prestaci\u00f3n del servicio y seguridad de las personas usuarias, por lo que exhorta a la ciudadan\u00eda a denunciar este tipo de conductas a la L\u00ednea de Atenci\u00f3n del IMTES, ya sea por llamada al 800 7171 110 o por mensaje de WhatsApp al 662 470 5050.<\/p>\n","protected":false},"excerpt":{"rendered":"<p>Hermosillo, Sonora; 14 de noviembre de 2025.- El Instituto de Movilidad y Transporte para el Estado de Sonora (IMTES), sancion\u00f3 a dos operadores de transporte urbano de Hermosillo, resultado de las denuncias recibidas de parte de la ciudadan\u00eda por grabar videos para redes sociales mientras conducen. Carlos Sosa Casta\u00f1eda, coordinador ejecutivo del Instituto de Movilidad [&hellip;]<\/p>\n","protected":false},"author":2,"featured_media":235109,"comment_status":"closed","ping_status":"closed","sticky":false,"template":"","format":"standard","meta":{"footnotes":""},"categories":[12870,178],"tags":[12865,12869],"class_list":["post-235108","post","type-post","status-publish","format-standard","has-post-thumbnail","hentry","category-destacadas","category-local","tag-destacadas","tag-local"],"jetpack_featured_media_url":"https:\/\/rnoticias.com.mx\/Portal\/wp-content\/uploads\/2025\/11\/13.jpg","amp_enabled":true,"_links":{"self":[{"href":"https:\/\/rnoticias.com.mx\/Portal\/wp-json\/wp\/v2\/posts\/235108","targetHints":{"allow":["GET"]}}],"collection":[{"href":"https:\/\/rnoticias.com.mx\/Portal\/wp-json\/wp\/v2\/posts"}],"about":[{"href":"https:\/\/rnoticias.com.mx\/Portal\/wp-json\/wp\/v2\/types\/post"}],"author":[{"embeddable":true,"href":"https:\/\/rnoticias.com.mx\/Portal\/wp-json\/wp\/v2\/users\/2"}],"replies":[{"embeddable":true,"href":"https:\/\/rnoticias.com.mx\/Portal\/wp-json\/wp\/v2\/comments?post=235108"}],"version-history":[{"count":1,"href":"https:\/\/rnoticias.com.mx\/Portal\/wp-json\/wp\/v2\/posts\/235108\/revisions"}],"predecessor-version":[{"id":235110,"href":"https:\/\/rnoticias.com.mx\/Portal\/wp-json\/wp\/v2\/posts\/235108\/revisions\/235110"}],"wp:featuredmedia":[{"embeddable":true,"href":"https:\/\/rnoticias.com.mx\/Portal\/wp-json\/wp\/v2\/media\/235109"}],"wp:attachment":[{"href":"https:\/\/rnoticias.com.mx\/Portal\/wp-json\/wp\/v2\/media?parent=235108"}],"wp:term":[{"taxonomy":"category","embeddable":true,"href":"https:\/\/rnoticias.com.mx\/Portal\/wp-json\/wp\/v2\/categories?post=235108"},{"taxonomy":"post_tag","embeddable":true,"href":"https:\/\/rnoticias.com.mx\/Portal\/wp-json\/wp\/v2\/tags?post=235108"}],"curies":[{"name":"wp","href":"https:\/\/api.w.org\/{rel}","templated":true}]}}