{"id":235063,"date":"2025-11-14T16:33:47","date_gmt":"2025-11-14T23:33:47","guid":{"rendered":"https:\/\/rnoticias.com.mx\/Portal\/?p=235063"},"modified":"2025-11-14T16:33:47","modified_gmt":"2025-11-14T23:33:47","slug":"angela-aguilar-toma-con-humor-el-hate-que-recibe-en-redes-los-mas-funados","status":"publish","type":"post","link":"https:\/\/rnoticias.com.mx\/Portal\/2025\/11\/14\/angela-aguilar-toma-con-humor-el-hate-que-recibe-en-redes-los-mas-funados\/","title":{"rendered":"\u00c1ngela Aguilar toma con humor el &#8216;hate&#8217; que recibe en redes: &#8220;Los m\u00e1s funados&#8221;"},"content":{"rendered":"<p>Durante la alfombra roja de los\u00a0<strong>Latin Grammy 2025<\/strong>, la cantante\u00a0<strong>\u00c1ngela Aguilar<\/strong>\u00a0hizo una declaraci\u00f3n c\u00f3mica sobre los\u00a0<strong>comentarios negativos y cr\u00edticas<\/strong>\u00a0que recibe en redes sociales, tanto por su m\u00fasica y vida personal.<\/p>\n<p>Luego de que los reporteros en el evento le preguntaron sobre su experiencia en este tipo de eventos y c\u00f3mo maneja la presi\u00f3n de la\u00a0<strong>opini\u00f3n p\u00fablica<\/strong>, \u00c1ngela, en compa\u00f1\u00eda de su hermano Leonardo, reconoci\u00f3 con humor todo el ataque digital que ha recibido. \u201cAqu\u00ed los m\u00e1s funados\u201d, expres\u00f3 entre risas.<\/p>\n<p>Por otro lado, asegur\u00f3 que disfruta acompa\u00f1ar a su familia durante los premios, especialmente porque su padre,\u00a0<strong>Pepe Aguilar<\/strong>, y su marido,\u00a0<strong>Christian Nodal<\/strong>, estaban nominados en la misma categor\u00eda.<\/p>\n<p>No obstante, en\u00a0<strong>redes sociales<\/strong>, los usuarios reaccionaron con comentarios entre apoyo y diversi\u00f3n: \u201cNo se ayuda\u201d, \u201cHasta que dice la verdad\u201d, \u201cLos m\u00e1s odiados tambi\u00e9n\u201d, \u201cY ella no aprende\u201d, \u201cSe sabe\u201d, \u201cMentira no es\u201d, \u201cNo minti\u00f3\u201d, \u201cSi no puedes contra el enemigo, \u00fanetele\u201d y \u201cLos funados m\u00e1s enamorados\u201d.<\/p>\n<p>&nbsp;<\/p>\n<p>Fuente: Milenio<\/p>\n","protected":false},"excerpt":{"rendered":"<p>Durante la alfombra roja de los\u00a0Latin Grammy 2025, la cantante\u00a0\u00c1ngela Aguilar\u00a0hizo una declaraci\u00f3n c\u00f3mica sobre los\u00a0comentarios negativos y cr\u00edticas\u00a0que recibe en redes sociales, tanto por su m\u00fasica y vida personal. Luego de que los reporteros en el evento le preguntaron sobre su experiencia en este tipo de eventos y c\u00f3mo maneja la presi\u00f3n de la\u00a0opini\u00f3n [&hellip;]<\/p>\n","protected":false},"author":2,"featured_media":235064,"comment_status":"closed","ping_status":"closed","sticky":false,"template":"","format":"standard","meta":{"footnotes":""},"categories":[12870,219],"tags":[12865,12875],"class_list":["post-235063","post","type-post","status-publish","format-standard","has-post-thumbnail","hentry","category-destacadas","category-espectaculos","tag-destacadas","tag-espectaculos"],"jetpack_featured_media_url":"https:\/\/rnoticias.com.mx\/Portal\/wp-content\/uploads\/2025\/11\/latin-grammy-2025-nodal_12593677_20251113194859.jpg","amp_enabled":true,"_links":{"self":[{"href":"https:\/\/rnoticias.com.mx\/Portal\/wp-json\/wp\/v2\/posts\/235063","targetHints":{"allow":["GET"]}}],"collection":[{"href":"https:\/\/rnoticias.com.mx\/Portal\/wp-json\/wp\/v2\/posts"}],"about":[{"href":"https:\/\/rnoticias.com.mx\/Portal\/wp-json\/wp\/v2\/types\/post"}],"author":[{"embeddable":true,"href":"https:\/\/rnoticias.com.mx\/Portal\/wp-json\/wp\/v2\/users\/2"}],"replies":[{"embeddable":true,"href":"https:\/\/rnoticias.com.mx\/Portal\/wp-json\/wp\/v2\/comments?post=235063"}],"version-history":[{"count":1,"href":"https:\/\/rnoticias.com.mx\/Portal\/wp-json\/wp\/v2\/posts\/235063\/revisions"}],"predecessor-version":[{"id":235065,"href":"https:\/\/rnoticias.com.mx\/Portal\/wp-json\/wp\/v2\/posts\/235063\/revisions\/235065"}],"wp:featuredmedia":[{"embeddable":true,"href":"https:\/\/rnoticias.com.mx\/Portal\/wp-json\/wp\/v2\/media\/235064"}],"wp:attachment":[{"href":"https:\/\/rnoticias.com.mx\/Portal\/wp-json\/wp\/v2\/media?parent=235063"}],"wp:term":[{"taxonomy":"category","embeddable":true,"href":"https:\/\/rnoticias.com.mx\/Portal\/wp-json\/wp\/v2\/categories?post=235063"},{"taxonomy":"post_tag","embeddable":true,"href":"https:\/\/rnoticias.com.mx\/Portal\/wp-json\/wp\/v2\/tags?post=235063"}],"curies":[{"name":"wp","href":"https:\/\/api.w.org\/{rel}","templated":true}]}}