{"id":234998,"date":"2025-11-13T16:30:13","date_gmt":"2025-11-13T23:30:13","guid":{"rendered":"https:\/\/rnoticias.com.mx\/Portal\/?p=234998"},"modified":"2025-11-13T16:30:13","modified_gmt":"2025-11-13T23:30:13","slug":"checo-perez-confia-en-el-potencial-de-cadillac","status":"publish","type":"post","link":"https:\/\/rnoticias.com.mx\/Portal\/2025\/11\/13\/checo-perez-confia-en-el-potencial-de-cadillac\/","title":{"rendered":"Checo P\u00e9rez conf\u00eda en el potencial de Cadillac"},"content":{"rendered":"<p><a href=\"https:\/\/www.informador.mx\/sergio-perez-t2189\" target=\"_blank\" rel=\"noopener\"><strong>Sergio &#8220;Checo&#8221; P\u00e9rez<\/strong><\/a>\u00a0vive un nuevo cap\u00edtulo en su carrera dentro de la F\u00f3rmula 1\u00a0<a href=\"https:\/\/www.informador.mx\/f1-t426\" target=\"_blank\" rel=\"noopener\"><strong>(F1)<\/strong><\/a>. Tras cerrar su etapa con Red Bull Racing, el piloto tapat\u00edo ya trabaja de lleno con el equipo Cadillac, escuder\u00eda que debutar\u00e1 oficialmente en 2026 con motores Ferrari. Aunque el proyecto a\u00fan est\u00e1 en sus primeras fases, el mexicano conf\u00eda respecto al potencial del conjunto estadounidense.<\/p>\n<p>En entrevista con la agencia Reuters, desde las instalaciones de Cadillac en Silverstone, Checo P\u00e9rez asegur\u00f3 que ve posible volver al podio con su nuevo equipo, a pesar de que la adaptaci\u00f3n y el desarrollo del monoplaza ser\u00e1n un desaf\u00edo importante.<\/p>\n<p><mark><strong>&#8220;S\u00ed, lo creo. Realmente lo creo. He estado en el podio con todos los equipos para los que he corrido, excepto con McLaren. Creo que vamos a empezar desde atr\u00e1s, pero progresivamente avanzaremos. Ese es el objetivo&#8221;,<\/strong><\/mark>\u00a0afirm\u00f3 el piloto de 35 a\u00f1os, quien suma 39 podios en la m\u00e1xima categor\u00eda.<\/p>\n<p>El mexicano recalc\u00f3 que lo m\u00e1s importante ser\u00e1 que\u00a0<a href=\"https:\/\/www.informador.mx\/escuderia-cadillac-t141447\" target=\"_blank\" rel=\"noopener\"><strong>Cadillac<\/strong><\/a>\u00a0logre consolidarse r\u00e1pidamente como una escuder\u00eda competitiva, m\u00e1s all\u00e1 de qui\u00e9n consiga los primeros resultados destacados.<\/p>\n<p>&#8220;No importa qui\u00e9n llegue all\u00ed, siempre que sea Cadillac&#8221;, se\u00f1al\u00f3 P\u00e9rez.\u00a0<mark><strong>&#8220;Lo fundamental ser\u00e1 la capacidad del equipo para desarrollarse con rapidez y adaptarse al ritmo de la F\u00f3rmula 1.<\/strong><\/mark>\u00a0Este es un proyecto serio, con recursos reales y con una visi\u00f3n clara de competir al m\u00e1s alto nivel&#8221;.<\/p>\n<h2>\u00bfCu\u00e1ndo debutar\u00e1 Checo P\u00e9rez con Cadillac?<\/h2>\n<p>Antes del arranque oficial de la temporada 2026, Checo P\u00e9rez realizar\u00e1 una prueba especial en Imola a bordo de un Ferrari SF-23, en lo que representar\u00e1 su primer contacto con la marca italiana desde 2011, cuando perteneci\u00f3 a la academia de j\u00f3venes pilotos de Ferrari.<\/p>\n<p>El nuevo monoplaza de Cadillac, respaldado por General Motors, se encuentra en fase final de construcci\u00f3n y tendr\u00e1 sus primeras pruebas en enero, en el circuito de Barcelona.<\/p>\n<p><mark><strong>Checo P\u00e9rez, quien debutar\u00e1 con su nueva escuder\u00eda en el Gran Premio de Australia 2026,<\/strong><\/mark>\u00a0asegur\u00f3 que este proyecto representa una oportunidad \u00fanica para seguir escribiendo historia en el automovilismo mexicano.<\/p>\n<p>&#8220;No importa d\u00f3nde empecemos, sino lo r\u00e1pido que podamos avanzar. Cadillac viene a hacerlo bien y a ganar&#8221;, concluy\u00f3 el tapat\u00edo.<\/p>\n","protected":false},"excerpt":{"rendered":"<p>Sergio &#8220;Checo&#8221; P\u00e9rez\u00a0vive un nuevo cap\u00edtulo en su carrera dentro de la F\u00f3rmula 1\u00a0(F1). Tras cerrar su etapa con Red Bull Racing, el piloto tapat\u00edo ya trabaja de lleno con el equipo Cadillac, escuder\u00eda que debutar\u00e1 oficialmente en 2026 con motores Ferrari. Aunque el proyecto a\u00fan est\u00e1 en sus primeras fases, el mexicano conf\u00eda respecto [&hellip;]<\/p>\n","protected":false},"author":2,"featured_media":234999,"comment_status":"closed","ping_status":"closed","sticky":false,"template":"","format":"standard","meta":{"footnotes":""},"categories":[188,12870],"tags":[5231,12865],"class_list":["post-234998","post","type-post","status-publish","format-standard","has-post-thumbnail","hentry","category-deportes","category-destacadas","tag-deportes","tag-destacadas"],"jetpack_featured_media_url":"https:\/\/rnoticias.com.mx\/Portal\/wp-content\/uploads\/2025\/11\/checo-perez-cadillac.webp","amp_enabled":true,"_links":{"self":[{"href":"https:\/\/rnoticias.com.mx\/Portal\/wp-json\/wp\/v2\/posts\/234998","targetHints":{"allow":["GET"]}}],"collection":[{"href":"https:\/\/rnoticias.com.mx\/Portal\/wp-json\/wp\/v2\/posts"}],"about":[{"href":"https:\/\/rnoticias.com.mx\/Portal\/wp-json\/wp\/v2\/types\/post"}],"author":[{"embeddable":true,"href":"https:\/\/rnoticias.com.mx\/Portal\/wp-json\/wp\/v2\/users\/2"}],"replies":[{"embeddable":true,"href":"https:\/\/rnoticias.com.mx\/Portal\/wp-json\/wp\/v2\/comments?post=234998"}],"version-history":[{"count":1,"href":"https:\/\/rnoticias.com.mx\/Portal\/wp-json\/wp\/v2\/posts\/234998\/revisions"}],"predecessor-version":[{"id":235000,"href":"https:\/\/rnoticias.com.mx\/Portal\/wp-json\/wp\/v2\/posts\/234998\/revisions\/235000"}],"wp:featuredmedia":[{"embeddable":true,"href":"https:\/\/rnoticias.com.mx\/Portal\/wp-json\/wp\/v2\/media\/234999"}],"wp:attachment":[{"href":"https:\/\/rnoticias.com.mx\/Portal\/wp-json\/wp\/v2\/media?parent=234998"}],"wp:term":[{"taxonomy":"category","embeddable":true,"href":"https:\/\/rnoticias.com.mx\/Portal\/wp-json\/wp\/v2\/categories?post=234998"},{"taxonomy":"post_tag","embeddable":true,"href":"https:\/\/rnoticias.com.mx\/Portal\/wp-json\/wp\/v2\/tags?post=234998"}],"curies":[{"name":"wp","href":"https:\/\/api.w.org\/{rel}","templated":true}]}}