{"id":234977,"date":"2025-11-13T12:30:02","date_gmt":"2025-11-13T19:30:02","guid":{"rendered":"https:\/\/rnoticias.com.mx\/Portal\/?p=234977"},"modified":"2025-11-13T12:30:02","modified_gmt":"2025-11-13T19:30:02","slug":"lanzan-el-trailer-oficial-de-la-docuserie-de-taylor-swift-the-end-of-an-era","status":"publish","type":"post","link":"https:\/\/rnoticias.com.mx\/Portal\/2025\/11\/13\/lanzan-el-trailer-oficial-de-la-docuserie-de-taylor-swift-the-end-of-an-era\/","title":{"rendered":"Lanzan el trailer oficial de la docuserie de Taylor Swift &#8216;The End of an Era&#8217;"},"content":{"rendered":"<p>La plataforma de &#8216;streaming&#8217;\u00a0<strong>Disney+<\/strong>\u00a0lanz\u00f3 este jueves el\u00a0<strong>tr\u00e1iler oficial<\/strong>\u00a0de la docuserie de seis episodios &#8216;The End of an Era&#8217; de la cantante estadounidense\u00a0<strong>Taylor Swift<\/strong>, que se estrenar\u00e1 el 12 de diciembre con los dos primeros cap\u00edtulos.<\/p>\n<p>El tr\u00e1iler de la\u00a0<strong>docuserie<\/strong>, publicado en la cuenta de YouTube de Disney+, dura 2 minutos y 31 segundos y ense\u00f1a la participaci\u00f3n en la gira de cantantes como Gracie Abrams,\u00a0<strong>Sabrina Carpenter<\/strong>,\u00a0<strong>Ed Sheeran<\/strong>\u00a0y Florence Welch, su banda, bailarines y equipo t\u00e9cnico, adem\u00e1s de su prometido\u00a0<strong>Travis Kelce<\/strong>\u00a0y familiares como su madre.<\/p>\n<p>El tr\u00e1iler muestra entre bastidores la preparaci\u00f3n de los conciertos de\u00a0<strong>&#8216;The<\/strong>\u00a0<strong>Eras Tour&#8217;<\/strong>, el trabajo de todo el equipo de Swift, los retos a los que se enfrentaron durante la gira, su relaci\u00f3n personal tanto con su prometido como con su madre y varios procesos creativos de sus canciones.<\/p>\n<p>Disney+ anunci\u00f3 que el jueves 12 de diciembre se podr\u00e1n ver los primeros dos episodios de la docuserie y cada semana lanzar\u00e1n dos nuevos, con lo cual, a finales de diciembre estar\u00e1n todos los cap\u00edtulos del documental disponibles. Swift, en abril de 2024, llev\u00f3 la cinta &#8216;Taylor Swift: The Eras Tour&#8217; a Disney+, tras el\u00a0<strong>\u00e9xito de taquilla<\/strong>\u00a0de la pel\u00edcula.<\/p>\n","protected":false},"excerpt":{"rendered":"<p>La plataforma de &#8216;streaming&#8217;\u00a0Disney+\u00a0lanz\u00f3 este jueves el\u00a0tr\u00e1iler oficial\u00a0de la docuserie de seis episodios &#8216;The End of an Era&#8217; de la cantante estadounidense\u00a0Taylor Swift, que se estrenar\u00e1 el 12 de diciembre con los dos primeros cap\u00edtulos. El tr\u00e1iler de la\u00a0docuserie, publicado en la cuenta de YouTube de Disney+, dura 2 minutos y 31 segundos y ense\u00f1a [&hellip;]<\/p>\n","protected":false},"author":2,"featured_media":234978,"comment_status":"closed","ping_status":"closed","sticky":false,"template":"","format":"standard","meta":{"footnotes":""},"categories":[12870,219],"tags":[12865,12875],"class_list":["post-234977","post","type-post","status-publish","format-standard","has-post-thumbnail","hentry","category-destacadas","category-espectaculos","tag-destacadas","tag-espectaculos"],"jetpack_featured_media_url":"https:\/\/rnoticias.com.mx\/Portal\/wp-content\/uploads\/2025\/11\/descarga-4.webp","amp_enabled":true,"_links":{"self":[{"href":"https:\/\/rnoticias.com.mx\/Portal\/wp-json\/wp\/v2\/posts\/234977","targetHints":{"allow":["GET"]}}],"collection":[{"href":"https:\/\/rnoticias.com.mx\/Portal\/wp-json\/wp\/v2\/posts"}],"about":[{"href":"https:\/\/rnoticias.com.mx\/Portal\/wp-json\/wp\/v2\/types\/post"}],"author":[{"embeddable":true,"href":"https:\/\/rnoticias.com.mx\/Portal\/wp-json\/wp\/v2\/users\/2"}],"replies":[{"embeddable":true,"href":"https:\/\/rnoticias.com.mx\/Portal\/wp-json\/wp\/v2\/comments?post=234977"}],"version-history":[{"count":1,"href":"https:\/\/rnoticias.com.mx\/Portal\/wp-json\/wp\/v2\/posts\/234977\/revisions"}],"predecessor-version":[{"id":234979,"href":"https:\/\/rnoticias.com.mx\/Portal\/wp-json\/wp\/v2\/posts\/234977\/revisions\/234979"}],"wp:featuredmedia":[{"embeddable":true,"href":"https:\/\/rnoticias.com.mx\/Portal\/wp-json\/wp\/v2\/media\/234978"}],"wp:attachment":[{"href":"https:\/\/rnoticias.com.mx\/Portal\/wp-json\/wp\/v2\/media?parent=234977"}],"wp:term":[{"taxonomy":"category","embeddable":true,"href":"https:\/\/rnoticias.com.mx\/Portal\/wp-json\/wp\/v2\/categories?post=234977"},{"taxonomy":"post_tag","embeddable":true,"href":"https:\/\/rnoticias.com.mx\/Portal\/wp-json\/wp\/v2\/tags?post=234977"}],"curies":[{"name":"wp","href":"https:\/\/api.w.org\/{rel}","templated":true}]}}