{"id":234930,"date":"2025-11-12T20:47:59","date_gmt":"2025-11-13T03:47:59","guid":{"rendered":"https:\/\/rnoticias.com.mx\/Portal\/?p=234930"},"modified":"2025-11-12T20:47:59","modified_gmt":"2025-11-13T03:47:59","slug":"alfredo-olivas-desmiente-supuesto-atentado-en-su-contra-en-tamaulipas","status":"publish","type":"post","link":"https:\/\/rnoticias.com.mx\/Portal\/2025\/11\/12\/alfredo-olivas-desmiente-supuesto-atentado-en-su-contra-en-tamaulipas\/","title":{"rendered":"Alfredo Olivas desmiente supuesto atentado en su contra en Tamaulipas"},"content":{"rendered":"<p>Este mi\u00e9rcoles, c\u00edrculo en redes sociales un supuesto atentado armado contra el cantante de regional mexicano,\u00a0<strong>Alfredo Olivas, en una carretera de Ciudad Victoria, Tamaulipas.\u00a0<\/strong><\/p>\n<p>Los reportes extraoficiales detallaban que el ataque ocurri\u00f3 mientras el cantante se trasladaba a un evento acompa\u00f1ado por su equipo de seguridad.\u00a0<strong>Adem\u00e1s, indicaban que el artista hab\u00eda sido\u00a0herido de gravedad\u00a0en el abdomen y que un escolta habr\u00eda perdido la vida durante el ataque.<\/strong><\/p>\n<p>El int\u00e9rprete de corridos y rancheras comparti\u00f3 una fotograf\u00eda de su rostro en su cuenta oficial de\u00a0Instagram.<\/p>\n<p>Aunque la imagen no fue acompa\u00f1ada por ninguna descripci\u00f3n,<strong>\u00a0su\u00a0buen estado visible\u00a0fue suficiente para generar tranquilidad entre sus seguidores. La fotograf\u00eda r\u00e1pidamente acumul\u00f3 m\u00e1s de 21 mil reacciones<\/strong>\u00a0y comentarios de fans expresando buenos deseos y alivio.<\/p>\n<p>Horas m\u00e1s tarde, Start media consulting, la agencia publicitaria del cantante, comparti\u00f3 un comunicado en el que neg\u00f3 el ataque.<\/p>\n<p><strong>&#8220;Alfredo Olivas se encuentra bien, contin\u00faa con sus actividades, programas con normalidad y no se encuentra ni ha visitado el estado mencionado en las \u00faltimas horas<\/strong>&#8220;, se\u00f1alaron.<\/p>\n<p>Mientras, la Vocer\u00eda de Seguridad de Tamaulipas\u00a0inform\u00f3 que la versi\u00f3n del ataque a\u00a0Alfredo Olivas\u00a0es falsa<strong>. Indicaron que hasta el momento, las instituciones de seguridad no hab\u00edan recibido reportes sobre hechos o situaciones de riesgo en las carreteras de\u00a0Tamaulipas.<\/strong><\/p>\n","protected":false},"excerpt":{"rendered":"<p>Este mi\u00e9rcoles, c\u00edrculo en redes sociales un supuesto atentado armado contra el cantante de regional mexicano,\u00a0Alfredo Olivas, en una carretera de Ciudad Victoria, Tamaulipas.\u00a0 Los reportes extraoficiales detallaban que el ataque ocurri\u00f3 mientras el cantante se trasladaba a un evento acompa\u00f1ado por su equipo de seguridad.\u00a0Adem\u00e1s, indicaban que el artista hab\u00eda sido\u00a0herido de gravedad\u00a0en el [&hellip;]<\/p>\n","protected":false},"author":2,"featured_media":234931,"comment_status":"closed","ping_status":"closed","sticky":false,"template":"","format":"standard","meta":{"footnotes":""},"categories":[12870,219],"tags":[12865,12875],"class_list":["post-234930","post","type-post","status-publish","format-standard","has-post-thumbnail","hentry","category-destacadas","category-espectaculos","tag-destacadas","tag-espectaculos"],"jetpack_featured_media_url":"https:\/\/rnoticias.com.mx\/Portal\/wp-content\/uploads\/2025\/11\/f1280x720-316172_447847_5050.webp","amp_enabled":true,"_links":{"self":[{"href":"https:\/\/rnoticias.com.mx\/Portal\/wp-json\/wp\/v2\/posts\/234930","targetHints":{"allow":["GET"]}}],"collection":[{"href":"https:\/\/rnoticias.com.mx\/Portal\/wp-json\/wp\/v2\/posts"}],"about":[{"href":"https:\/\/rnoticias.com.mx\/Portal\/wp-json\/wp\/v2\/types\/post"}],"author":[{"embeddable":true,"href":"https:\/\/rnoticias.com.mx\/Portal\/wp-json\/wp\/v2\/users\/2"}],"replies":[{"embeddable":true,"href":"https:\/\/rnoticias.com.mx\/Portal\/wp-json\/wp\/v2\/comments?post=234930"}],"version-history":[{"count":1,"href":"https:\/\/rnoticias.com.mx\/Portal\/wp-json\/wp\/v2\/posts\/234930\/revisions"}],"predecessor-version":[{"id":234932,"href":"https:\/\/rnoticias.com.mx\/Portal\/wp-json\/wp\/v2\/posts\/234930\/revisions\/234932"}],"wp:featuredmedia":[{"embeddable":true,"href":"https:\/\/rnoticias.com.mx\/Portal\/wp-json\/wp\/v2\/media\/234931"}],"wp:attachment":[{"href":"https:\/\/rnoticias.com.mx\/Portal\/wp-json\/wp\/v2\/media?parent=234930"}],"wp:term":[{"taxonomy":"category","embeddable":true,"href":"https:\/\/rnoticias.com.mx\/Portal\/wp-json\/wp\/v2\/categories?post=234930"},{"taxonomy":"post_tag","embeddable":true,"href":"https:\/\/rnoticias.com.mx\/Portal\/wp-json\/wp\/v2\/tags?post=234930"}],"curies":[{"name":"wp","href":"https:\/\/api.w.org\/{rel}","templated":true}]}}