{"id":234926,"date":"2025-11-12T20:44:58","date_gmt":"2025-11-13T03:44:58","guid":{"rendered":"https:\/\/rnoticias.com.mx\/Portal\/?p=234926"},"modified":"2025-11-12T20:44:58","modified_gmt":"2025-11-13T03:44:58","slug":"el-ine-continua-con-transparencia-la-licitacion-para-la-fabricacion-de-la-credencial-para-votar-2026","status":"publish","type":"post","link":"https:\/\/rnoticias.com.mx\/Portal\/2025\/11\/12\/el-ine-continua-con-transparencia-la-licitacion-para-la-fabricacion-de-la-credencial-para-votar-2026\/","title":{"rendered":"El INE contin\u00faa con transparencia la licitaci\u00f3n para la fabricaci\u00f3n de la Credencial para Votar 2026"},"content":{"rendered":"<p class=\"x_MsoNormal\"><span data-olk-copy-source=\"MessageBody\">El Instituto Nacional Electoral (INE) informa que contin\u00faa el proceso de Licitaci\u00f3n P\u00fablica Internacional para la Producci\u00f3n de la Credencial para Votar (CPV), que entrar\u00e1 en vigor a partir del a\u00f1o 2026.<\/span><\/p>\n<p class=\"x_MsoNormal\">\n<p class=\"x_MsoNormal\">Esta licitaci\u00f3n constituye uno de los procedimientos t\u00e9cnicos m\u00e1s relevantes en la historia del Instituto, dado su alcance internacional, la magnitud del Padr\u00f3n Electoral y la importancia estrat\u00e9gica que tiene para garantizar la identidad y el ejercicio del voto de mexicanas y mexicanos.<\/p>\n<p class=\"x_MsoNormal\">\n<p class=\"x_MsoNormal\">Desde la primera parte de la Junta de Aclaraciones, realizada el pasado viernes 7 de noviembre, se han hecho las preguntas necesarias como corresponde en una licitaci\u00f3n internacional en la que participan empresas mexicanas y extranjeras, como ocurre cada cinco a\u00f1os.<\/p>\n<p class=\"x_MsoNormal\">\n<p class=\"x_MsoNormal\">En estricto apego a la normativa aplicable, todas las inquietudes est\u00e1n siendo atendidas de manera puntual y p\u00fablica, asegurando igualdad de condiciones para las personas licitantes y plena transparencia en cada fase del proceso.<\/p>\n<p class=\"x_MsoNormal\">\n<p class=\"x_MsoNormal\">La continuaci\u00f3n de la Junta de Aclaraciones se llevar\u00e1 a cabo este pr\u00f3ximo mi\u00e9rcoles 12 de noviembre, a fin de solventar la totalidad de los cuestionamientos y fortalecer la certeza t\u00e9cnica y jur\u00eddica del procedimiento.<\/p>\n<p class=\"x_MsoNormal\">\n<p class=\"x_MsoNormal\">Por lo anterior, la fecha de la apertura de ofertas se realizar\u00e1 en los pr\u00f3ximos d\u00edas, una vez solventadas todas las preguntas y repreguntas de las empresas participantes en este proceso licitatorio.<\/p>\n<p class=\"x_MsoNormal\">\n<p class=\"x_MsoNormal\">El INE ratifica su compromiso con la legalidad, la transparencia y la rendici\u00f3n de cuentas en todas las acciones que lleva a cabo en este tipo de procesos.<\/p>\n","protected":false},"excerpt":{"rendered":"<p>El Instituto Nacional Electoral (INE) informa que contin\u00faa el proceso de Licitaci\u00f3n P\u00fablica Internacional para la Producci\u00f3n de la Credencial para Votar (CPV), que entrar\u00e1 en vigor a partir del a\u00f1o 2026. Esta licitaci\u00f3n constituye uno de los procedimientos t\u00e9cnicos m\u00e1s relevantes en la historia del Instituto, dado su alcance internacional, la magnitud del Padr\u00f3n [&hellip;]<\/p>\n","protected":false},"author":2,"featured_media":234928,"comment_status":"closed","ping_status":"closed","sticky":false,"template":"","format":"standard","meta":{"footnotes":""},"categories":[12870,12868],"tags":[12865,12879],"class_list":["post-234926","post","type-post","status-publish","format-standard","has-post-thumbnail","hentry","category-destacadas","category-politica","tag-destacadas","tag-politica"],"jetpack_featured_media_url":"https:\/\/rnoticias.com.mx\/Portal\/wp-content\/uploads\/2025\/11\/4655.jpg","amp_enabled":true,"_links":{"self":[{"href":"https:\/\/rnoticias.com.mx\/Portal\/wp-json\/wp\/v2\/posts\/234926","targetHints":{"allow":["GET"]}}],"collection":[{"href":"https:\/\/rnoticias.com.mx\/Portal\/wp-json\/wp\/v2\/posts"}],"about":[{"href":"https:\/\/rnoticias.com.mx\/Portal\/wp-json\/wp\/v2\/types\/post"}],"author":[{"embeddable":true,"href":"https:\/\/rnoticias.com.mx\/Portal\/wp-json\/wp\/v2\/users\/2"}],"replies":[{"embeddable":true,"href":"https:\/\/rnoticias.com.mx\/Portal\/wp-json\/wp\/v2\/comments?post=234926"}],"version-history":[{"count":1,"href":"https:\/\/rnoticias.com.mx\/Portal\/wp-json\/wp\/v2\/posts\/234926\/revisions"}],"predecessor-version":[{"id":234929,"href":"https:\/\/rnoticias.com.mx\/Portal\/wp-json\/wp\/v2\/posts\/234926\/revisions\/234929"}],"wp:featuredmedia":[{"embeddable":true,"href":"https:\/\/rnoticias.com.mx\/Portal\/wp-json\/wp\/v2\/media\/234928"}],"wp:attachment":[{"href":"https:\/\/rnoticias.com.mx\/Portal\/wp-json\/wp\/v2\/media?parent=234926"}],"wp:term":[{"taxonomy":"category","embeddable":true,"href":"https:\/\/rnoticias.com.mx\/Portal\/wp-json\/wp\/v2\/categories?post=234926"},{"taxonomy":"post_tag","embeddable":true,"href":"https:\/\/rnoticias.com.mx\/Portal\/wp-json\/wp\/v2\/tags?post=234926"}],"curies":[{"name":"wp","href":"https:\/\/api.w.org\/{rel}","templated":true}]}}