{"id":234905,"date":"2025-11-12T20:28:27","date_gmt":"2025-11-13T03:28:27","guid":{"rendered":"https:\/\/rnoticias.com.mx\/Portal\/?p=234905"},"modified":"2025-11-12T20:28:27","modified_gmt":"2025-11-13T03:28:27","slug":"unique-people-organiza-posada-solidaria-para-la-ninez","status":"publish","type":"post","link":"https:\/\/rnoticias.com.mx\/Portal\/2025\/11\/12\/unique-people-organiza-posada-solidaria-para-la-ninez\/","title":{"rendered":"Unique People organiza posada solidaria para la ni\u00f1ez"},"content":{"rendered":"<p>Hermosillo, Sonora. La asociaci\u00f3n civil Unique People Hermosillo lanz\u00f3 una convocatoria a la comunidad para unirse a su tradicional posada navide\u00f1a, dirigida a ni\u00f1as y ni\u00f1os que enfrentan condiciones econ\u00f3micas dif\u00edciles.<\/p>\n<p>&nbsp;<\/p>\n<p>Iv\u00e1n Maz\u00f3n, representante del colectivo, explic\u00f3 que el evento se celebrar\u00e1 el pr\u00f3ximo 13 de diciembre en una primaria del norte de la ciudad, donde cada menor recibir\u00e1 un obsequio de parte de su padrino o madrina.<\/p>\n<p>\u201cBuscamos reunir regalos, alimentos, dulces y art\u00edculos festivos para brindarles una celebraci\u00f3n inolvidable. Adem\u00e1s, esperamos contar con la visita de Santa Claus, cuya presencia alegra especialmente a los peque\u00f1os\u201d, coment\u00f3.<\/p>\n<p>Las personas interesadas en colaborar pueden hacerlo mediante las redes sociales de Unique People Hermosillo o comunic\u00e1ndose al 662 278 1980.<\/p>\n<p>&nbsp;<\/p>\n<p>&nbsp;<\/p>\n<p>Cifra:<\/p>\n<p>Esta actividad se busca realizar para beneficiar a 120 ni\u00f1as y ni\u00f1os de escasos recursos.<\/p>\n","protected":false},"excerpt":{"rendered":"<p>Hermosillo, Sonora. La asociaci\u00f3n civil Unique People Hermosillo lanz\u00f3 una convocatoria a la comunidad para unirse a su tradicional posada navide\u00f1a, dirigida a ni\u00f1as y ni\u00f1os que enfrentan condiciones econ\u00f3micas dif\u00edciles. &nbsp; Iv\u00e1n Maz\u00f3n, representante del colectivo, explic\u00f3 que el evento se celebrar\u00e1 el pr\u00f3ximo 13 de diciembre en una primaria del norte de la [&hellip;]<\/p>\n","protected":false},"author":2,"featured_media":234906,"comment_status":"closed","ping_status":"closed","sticky":false,"template":"","format":"standard","meta":{"footnotes":""},"categories":[12870,178],"tags":[12865,12869],"class_list":["post-234905","post","type-post","status-publish","format-standard","has-post-thumbnail","hentry","category-destacadas","category-local","tag-destacadas","tag-local"],"jetpack_featured_media_url":"https:\/\/rnoticias.com.mx\/Portal\/wp-content\/uploads\/2025\/11\/4cef4d9c-776b-4a0c-bc41-49afb2df7368.jpg","amp_enabled":true,"_links":{"self":[{"href":"https:\/\/rnoticias.com.mx\/Portal\/wp-json\/wp\/v2\/posts\/234905","targetHints":{"allow":["GET"]}}],"collection":[{"href":"https:\/\/rnoticias.com.mx\/Portal\/wp-json\/wp\/v2\/posts"}],"about":[{"href":"https:\/\/rnoticias.com.mx\/Portal\/wp-json\/wp\/v2\/types\/post"}],"author":[{"embeddable":true,"href":"https:\/\/rnoticias.com.mx\/Portal\/wp-json\/wp\/v2\/users\/2"}],"replies":[{"embeddable":true,"href":"https:\/\/rnoticias.com.mx\/Portal\/wp-json\/wp\/v2\/comments?post=234905"}],"version-history":[{"count":1,"href":"https:\/\/rnoticias.com.mx\/Portal\/wp-json\/wp\/v2\/posts\/234905\/revisions"}],"predecessor-version":[{"id":234907,"href":"https:\/\/rnoticias.com.mx\/Portal\/wp-json\/wp\/v2\/posts\/234905\/revisions\/234907"}],"wp:featuredmedia":[{"embeddable":true,"href":"https:\/\/rnoticias.com.mx\/Portal\/wp-json\/wp\/v2\/media\/234906"}],"wp:attachment":[{"href":"https:\/\/rnoticias.com.mx\/Portal\/wp-json\/wp\/v2\/media?parent=234905"}],"wp:term":[{"taxonomy":"category","embeddable":true,"href":"https:\/\/rnoticias.com.mx\/Portal\/wp-json\/wp\/v2\/categories?post=234905"},{"taxonomy":"post_tag","embeddable":true,"href":"https:\/\/rnoticias.com.mx\/Portal\/wp-json\/wp\/v2\/tags?post=234905"}],"curies":[{"name":"wp","href":"https:\/\/api.w.org\/{rel}","templated":true}]}}