{"id":234690,"date":"2025-11-10T17:39:41","date_gmt":"2025-11-11T00:39:41","guid":{"rendered":"https:\/\/rnoticias.com.mx\/Portal\/?p=234690"},"modified":"2025-11-10T17:39:41","modified_gmt":"2025-11-11T00:39:41","slug":"permanece-abierta-convocatoria-para-acceder-a-tarifa-social-de-agua-de-hermosillo","status":"publish","type":"post","link":"https:\/\/rnoticias.com.mx\/Portal\/2025\/11\/10\/permanece-abierta-convocatoria-para-acceder-a-tarifa-social-de-agua-de-hermosillo\/","title":{"rendered":"Permanece abierta convocatoria para acceder a Tarifa Social de Agua de Hermosillo"},"content":{"rendered":"<p>Hermosillo, Sonora; 10 de noviembre de 2025. Para apoyar a personas en situaci\u00f3n de vulnerabilidad econ\u00f3mica, Agua de Hermosillo mantiene abierta la convocatoria para solicitar la Tarifa Social.<\/p>\n<p>Este apoyo est\u00e1 dirigido a usuarios que realmente lo necesitan, principalmente personas de la tercera edad que viven solas y personas con alguna discapacidad que cumplan con los requisitos.<\/p>\n<p>Esta tarifa se aplica a quienes m\u00e1s lo requieren. El objetivo es garantizar que los hogares vulnerables puedan mantener el acceso al servicio de agua potable sin comprometer su econom\u00eda.<\/p>\n<p>El \u00e1rea de Tarifa Social cuenta con un equipo de trabajadores sociales que diariamente atienden solicitudes y reportes de posibles beneficiarios. En muchos casos, los mismos empleados de los m\u00f3dulos de atenci\u00f3n detectan situaciones de necesidad al momento de atender a los usuarios y canalizan los casos al \u00e1rea correspondiente.<\/p>\n<p>Adem\u00e1s, el personal especializado puede recibir reportes por tel\u00e9fono o mensajes de WhatsApp, y acude directamente a los domicilios para realizar entrevistas y estudios socioecon\u00f3micos que determinen la elegibilidad del solicitante.<\/p>\n<p>El programa requiere un seguimiento constante para asegurar que los apoyos lleguen exclusivamente a quienes realmente los necesitan.<\/p>\n<p>Las personas interesadas o quienes deseen reportar a alg\u00fan vecino en condiciones de vulnerabilidad pueden comunicarse al tel\u00e9fono 6622-896000 , whatsApp 6624-764888 para recibir orientaci\u00f3n y apoyo.<\/p>\n<p>Requisitos para acceder a la Tarifa Social:<\/p>\n<p>\u2022 Identificaci\u00f3n oficial del titular<br \/>\n\u2022 Estudio socioecon\u00f3mico<br \/>\n\u2022 Recibo predial<br \/>\n\u2022 Que cuente con medidor<br \/>\n\u2022 Ingreso mensual no mayor a $9,051.00 pesos<br \/>\n\u2022 Credencial de discapacidad (en caso de aplicar)<\/p>\n","protected":false},"excerpt":{"rendered":"<p>Hermosillo, Sonora; 10 de noviembre de 2025. Para apoyar a personas en situaci\u00f3n de vulnerabilidad econ\u00f3mica, Agua de Hermosillo mantiene abierta la convocatoria para solicitar la Tarifa Social. Este apoyo est\u00e1 dirigido a usuarios que realmente lo necesitan, principalmente personas de la tercera edad que viven solas y personas con alguna discapacidad que cumplan con [&hellip;]<\/p>\n","protected":false},"author":2,"featured_media":234691,"comment_status":"closed","ping_status":"closed","sticky":false,"template":"","format":"standard","meta":{"footnotes":""},"categories":[12870,178],"tags":[12865,12869],"class_list":["post-234690","post","type-post","status-publish","format-standard","has-post-thumbnail","hentry","category-destacadas","category-local","tag-destacadas","tag-local"],"jetpack_featured_media_url":"https:\/\/rnoticias.com.mx\/Portal\/wp-content\/uploads\/2025\/11\/100d3edf-2e06-4603-a25e-5c426cb7737b.jpeg","amp_enabled":true,"_links":{"self":[{"href":"https:\/\/rnoticias.com.mx\/Portal\/wp-json\/wp\/v2\/posts\/234690","targetHints":{"allow":["GET"]}}],"collection":[{"href":"https:\/\/rnoticias.com.mx\/Portal\/wp-json\/wp\/v2\/posts"}],"about":[{"href":"https:\/\/rnoticias.com.mx\/Portal\/wp-json\/wp\/v2\/types\/post"}],"author":[{"embeddable":true,"href":"https:\/\/rnoticias.com.mx\/Portal\/wp-json\/wp\/v2\/users\/2"}],"replies":[{"embeddable":true,"href":"https:\/\/rnoticias.com.mx\/Portal\/wp-json\/wp\/v2\/comments?post=234690"}],"version-history":[{"count":1,"href":"https:\/\/rnoticias.com.mx\/Portal\/wp-json\/wp\/v2\/posts\/234690\/revisions"}],"predecessor-version":[{"id":234692,"href":"https:\/\/rnoticias.com.mx\/Portal\/wp-json\/wp\/v2\/posts\/234690\/revisions\/234692"}],"wp:featuredmedia":[{"embeddable":true,"href":"https:\/\/rnoticias.com.mx\/Portal\/wp-json\/wp\/v2\/media\/234691"}],"wp:attachment":[{"href":"https:\/\/rnoticias.com.mx\/Portal\/wp-json\/wp\/v2\/media?parent=234690"}],"wp:term":[{"taxonomy":"category","embeddable":true,"href":"https:\/\/rnoticias.com.mx\/Portal\/wp-json\/wp\/v2\/categories?post=234690"},{"taxonomy":"post_tag","embeddable":true,"href":"https:\/\/rnoticias.com.mx\/Portal\/wp-json\/wp\/v2\/tags?post=234690"}],"curies":[{"name":"wp","href":"https:\/\/api.w.org\/{rel}","templated":true}]}}