{"id":234679,"date":"2025-11-10T16:43:29","date_gmt":"2025-11-10T23:43:29","guid":{"rendered":"https:\/\/rnoticias.com.mx\/Portal\/?p=234679"},"modified":"2025-11-10T16:43:29","modified_gmt":"2025-11-10T23:43:29","slug":"morena-propone-incluir-la-revocacion-de-mandato-de-sheinbaum-en-elecciones-de-2027","status":"publish","type":"post","link":"https:\/\/rnoticias.com.mx\/Portal\/2025\/11\/10\/morena-propone-incluir-la-revocacion-de-mandato-de-sheinbaum-en-elecciones-de-2027\/","title":{"rendered":"Morena propone incluir la revocaci\u00f3n de mandato de Sheinbaum en elecciones de 2027"},"content":{"rendered":"<p>Este lunes, la mayor\u00eda de\u00a0<strong>Morena<\/strong>\u00a0en la\u00a0<strong>C\u00e1mara de Diputados<\/strong>\u00a0pondr\u00e1 a discusi\u00f3n una\u00a0<strong>iniciativa<\/strong>\u00a0para que la consulta de\u00a0<strong>revocaci\u00f3n de mandato<\/strong>\u00a0de la presidenta\u00a0<strong>Claudia Sheinbaum<\/strong>\u00a0coincida con la\u00a0<strong>elecci\u00f3n<\/strong>\u00a0de jueces, diputados federales y 17 gubernaturas que se llevar\u00e1 a cabo en junio de\u00a0<strong>2027<\/strong>.<\/p>\n<p>El proyecto, fue propuesto por el vicecoordinador de Morena,\u00a0<strong>Alfonso Ram\u00edrez Cu\u00e9llar<\/strong>, quien argumenta que el objetivo es ahorrar al erario al menos mil 500 millones de pesos que constar\u00eda el ejercicio de la revocaci\u00f3n de mandato.<\/p>\n<p>La iniciativa ser\u00e1 discutida en la\u00a0<strong>Comisi\u00f3n de Puntos Constitucionales<\/strong>\u00a0que preside Leonel Godoy Rangel, de la misma bancada. De ser aprobada por el Congreso de la Uni\u00f3n, el proyecto implicar\u00eda un ajuste en el\u00a0<strong>art\u00edculo<\/strong>\u00a0<strong>5 de la Constituci\u00f3n<\/strong>, cambiando la fecha de las consultas populares, del \u201cprimer domingo de agosto\u201d al primer domingo de junio\u201d de ese a\u00f1o.<\/p>\n<p>Asimismo, se\u00f1ala Cu\u00e9llar, \u201cse promover\u00e1 una mayor participaci\u00f3n de la ciudadan\u00eda en los mencionados instrumentos de democracia directa, pues, al mismo tiempo en que ejerza su\u00a0<strong>derecho al voto<\/strong>, podr\u00e1 emitir su decisi\u00f3n respecto de los mecanismos de consulta directa\u201d.<\/p>\n<p>&nbsp;<\/p>\n<p>Fuente: Latinus<\/p>\n","protected":false},"excerpt":{"rendered":"<p>Este lunes, la mayor\u00eda de\u00a0Morena\u00a0en la\u00a0C\u00e1mara de Diputados\u00a0pondr\u00e1 a discusi\u00f3n una\u00a0iniciativa\u00a0para que la consulta de\u00a0revocaci\u00f3n de mandato\u00a0de la presidenta\u00a0Claudia Sheinbaum\u00a0coincida con la\u00a0elecci\u00f3n\u00a0de jueces, diputados federales y 17 gubernaturas que se llevar\u00e1 a cabo en junio de\u00a02027. El proyecto, fue propuesto por el vicecoordinador de Morena,\u00a0Alfonso Ram\u00edrez Cu\u00e9llar, quien argumenta que el objetivo es ahorrar al [&hellip;]<\/p>\n","protected":false},"author":2,"featured_media":234680,"comment_status":"closed","ping_status":"closed","sticky":false,"template":"","format":"standard","meta":{"footnotes":""},"categories":[12870,12868],"tags":[12865,12879],"class_list":["post-234679","post","type-post","status-publish","format-standard","has-post-thumbnail","hentry","category-destacadas","category-politica","tag-destacadas","tag-politica"],"jetpack_featured_media_url":"https:\/\/rnoticias.com.mx\/Portal\/wp-content\/uploads\/2025\/11\/1200_900.jpeg","amp_enabled":true,"_links":{"self":[{"href":"https:\/\/rnoticias.com.mx\/Portal\/wp-json\/wp\/v2\/posts\/234679","targetHints":{"allow":["GET"]}}],"collection":[{"href":"https:\/\/rnoticias.com.mx\/Portal\/wp-json\/wp\/v2\/posts"}],"about":[{"href":"https:\/\/rnoticias.com.mx\/Portal\/wp-json\/wp\/v2\/types\/post"}],"author":[{"embeddable":true,"href":"https:\/\/rnoticias.com.mx\/Portal\/wp-json\/wp\/v2\/users\/2"}],"replies":[{"embeddable":true,"href":"https:\/\/rnoticias.com.mx\/Portal\/wp-json\/wp\/v2\/comments?post=234679"}],"version-history":[{"count":1,"href":"https:\/\/rnoticias.com.mx\/Portal\/wp-json\/wp\/v2\/posts\/234679\/revisions"}],"predecessor-version":[{"id":234681,"href":"https:\/\/rnoticias.com.mx\/Portal\/wp-json\/wp\/v2\/posts\/234679\/revisions\/234681"}],"wp:featuredmedia":[{"embeddable":true,"href":"https:\/\/rnoticias.com.mx\/Portal\/wp-json\/wp\/v2\/media\/234680"}],"wp:attachment":[{"href":"https:\/\/rnoticias.com.mx\/Portal\/wp-json\/wp\/v2\/media?parent=234679"}],"wp:term":[{"taxonomy":"category","embeddable":true,"href":"https:\/\/rnoticias.com.mx\/Portal\/wp-json\/wp\/v2\/categories?post=234679"},{"taxonomy":"post_tag","embeddable":true,"href":"https:\/\/rnoticias.com.mx\/Portal\/wp-json\/wp\/v2\/tags?post=234679"}],"curies":[{"name":"wp","href":"https:\/\/api.w.org\/{rel}","templated":true}]}}