{"id":234643,"date":"2025-11-10T16:02:03","date_gmt":"2025-11-10T23:02:03","guid":{"rendered":"https:\/\/rnoticias.com.mx\/Portal\/?p=234643"},"modified":"2025-11-10T16:02:03","modified_gmt":"2025-11-10T23:02:03","slug":"temperaturas-estables-marcan-el-arranque-de-la-semana-en-sonora-conagua","status":"publish","type":"post","link":"https:\/\/rnoticias.com.mx\/Portal\/2025\/11\/10\/temperaturas-estables-marcan-el-arranque-de-la-semana-en-sonora-conagua\/","title":{"rendered":"Temperaturas estables marcan el arranque de la semana en Sonora: Conagua"},"content":{"rendered":"<p>Hermosillo, Sonora. El clima en Sonora iniciar\u00e1 la semana con condiciones estables y sin lluvias, de acuerdo con el especialista t\u00e9cnico de la Conagua, Gilberto Lagarda V\u00e1zquez.<\/p>\n<p>&nbsp;<\/p>\n<p>De acuerdo con el pron\u00f3stico, una corriente de aire c\u00e1lido procedente de la Sierra Madre Occidental favorecer\u00e1 este lunes temperaturas m\u00e1ximas de entre 35 y 40 grados en las zonas centro, sur y noroeste del estado, mientras que las m\u00ednimas variar\u00e1n de 0 a 15 grados.<\/p>\n<p>&nbsp;<\/p>\n<p>\u201cPara el martes se prev\u00e9 un ligero descenso en los valores m\u00e1ximos, los cuales se ubicar\u00e1n alrededor de los 35 grados, adem\u00e1s de que podr\u00edan registrarse temperaturas bajo cero en las sierras del norte y oriente\u201d, dijo.<\/p>\n<p>&nbsp;<\/p>\n<p>El cielo permanecer\u00e1 despejado y sin probabilidad de lluvia durante los pr\u00f3ximos d\u00edas; sin embargo, el especialista advirti\u00f3 que hacia el jueves o viernes podr\u00eda ingresar un nuevo frente fr\u00edo que ocasionar\u00eda nubosidad, lluvias ligeras y un descenso m\u00e1s notorio en la temperatura durante el fin de semana.<\/p>\n<p>&nbsp;<\/p>\n","protected":false},"excerpt":{"rendered":"<p>Hermosillo, Sonora. El clima en Sonora iniciar\u00e1 la semana con condiciones estables y sin lluvias, de acuerdo con el especialista t\u00e9cnico de la Conagua, Gilberto Lagarda V\u00e1zquez. &nbsp; De acuerdo con el pron\u00f3stico, una corriente de aire c\u00e1lido procedente de la Sierra Madre Occidental favorecer\u00e1 este lunes temperaturas m\u00e1ximas de entre 35 y 40 grados [&hellip;]<\/p>\n","protected":false},"author":2,"featured_media":234644,"comment_status":"closed","ping_status":"closed","sticky":false,"template":"","format":"standard","meta":{"footnotes":""},"categories":[12870,178],"tags":[12865,12869],"class_list":["post-234643","post","type-post","status-publish","format-standard","has-post-thumbnail","hentry","category-destacadas","category-local","tag-destacadas","tag-local"],"jetpack_featured_media_url":"https:\/\/rnoticias.com.mx\/Portal\/wp-content\/uploads\/2025\/11\/Imagen-de-WhatsApp-2025-03-26-a-las-13.11.02_0447b7f1.jpg","amp_enabled":true,"_links":{"self":[{"href":"https:\/\/rnoticias.com.mx\/Portal\/wp-json\/wp\/v2\/posts\/234643","targetHints":{"allow":["GET"]}}],"collection":[{"href":"https:\/\/rnoticias.com.mx\/Portal\/wp-json\/wp\/v2\/posts"}],"about":[{"href":"https:\/\/rnoticias.com.mx\/Portal\/wp-json\/wp\/v2\/types\/post"}],"author":[{"embeddable":true,"href":"https:\/\/rnoticias.com.mx\/Portal\/wp-json\/wp\/v2\/users\/2"}],"replies":[{"embeddable":true,"href":"https:\/\/rnoticias.com.mx\/Portal\/wp-json\/wp\/v2\/comments?post=234643"}],"version-history":[{"count":1,"href":"https:\/\/rnoticias.com.mx\/Portal\/wp-json\/wp\/v2\/posts\/234643\/revisions"}],"predecessor-version":[{"id":234645,"href":"https:\/\/rnoticias.com.mx\/Portal\/wp-json\/wp\/v2\/posts\/234643\/revisions\/234645"}],"wp:featuredmedia":[{"embeddable":true,"href":"https:\/\/rnoticias.com.mx\/Portal\/wp-json\/wp\/v2\/media\/234644"}],"wp:attachment":[{"href":"https:\/\/rnoticias.com.mx\/Portal\/wp-json\/wp\/v2\/media?parent=234643"}],"wp:term":[{"taxonomy":"category","embeddable":true,"href":"https:\/\/rnoticias.com.mx\/Portal\/wp-json\/wp\/v2\/categories?post=234643"},{"taxonomy":"post_tag","embeddable":true,"href":"https:\/\/rnoticias.com.mx\/Portal\/wp-json\/wp\/v2\/tags?post=234643"}],"curies":[{"name":"wp","href":"https:\/\/api.w.org\/{rel}","templated":true}]}}