{"id":234636,"date":"2025-11-10T12:06:10","date_gmt":"2025-11-10T19:06:10","guid":{"rendered":"https:\/\/rnoticias.com.mx\/Portal\/?p=234636"},"modified":"2025-11-10T12:06:10","modified_gmt":"2025-11-10T19:06:10","slug":"angelica-vale-confirma-su-separacion-y-revela-que-se-entero-del-divorcio-por-internet","status":"publish","type":"post","link":"https:\/\/rnoticias.com.mx\/Portal\/2025\/11\/10\/angelica-vale-confirma-su-separacion-y-revela-que-se-entero-del-divorcio-por-internet\/","title":{"rendered":"Ang\u00e9lica Vale confirma su separaci\u00f3n y revela que se enter\u00f3 del divorcio por internet"},"content":{"rendered":"<p>La actriz y cantante\u00a0<strong>Ang\u00e9lica Vale<\/strong>\u00a0confirm\u00f3 su separaci\u00f3n con el empresario<strong>\u00a0Otto Padr\u00f3n<\/strong><mark>\u00a0tras m\u00e1s de 10 a\u00f1os juntos y revel\u00f3 que se enter\u00f3 de que su ex hab\u00eda comenzado con el tr\u00e1mite de divorcio de la misma manera en que el p\u00fablico, por internet.<\/mark><\/p>\n<p>La noticia tom\u00f3 por sorpresa a la audiencia y a los medios de noticias, quienes de primer momento pensaron que se trataba de un simple rumor; sin embargo, poco despu\u00e9s la propia Ang\u00e9lica sali\u00f3 a corroborar la informaci\u00f3n.<\/p>\n<p>Durante la emisi\u00f3n de esta ma\u00f1ana de &#8220;La Vale Show Live&#8221;,\u00a0<mark>Vale se mostr\u00f3 conmovida al hablar de la situaci\u00f3n, afirmando que su separaci\u00f3n tuvo lugar hace ocho meses y que, desde hace un tiempo -sin especificar cu\u00e1nto- ya no vive con el padre de sus hijos<\/mark>; Ang\u00e9lica y Daniel.<\/p>\n<p>&#8220;Nunca pens\u00e9 que iba a vivir yo un momento as\u00ed en mi vida. Primero les tengo que decir que s\u00ed, que s\u00ed, s\u00ed es cierto que me estoy divorciando, es cierto que, desde abril, estoy separada, ya no vivimos juntos&#8221;, precis\u00f3 la actriz que, ma\u00f1ana, celebra su cumplea\u00f1os<\/p>\n<p><mark>Y, aunque explic\u00f3 que, desde el viernes pasado -7 de noviembre-, su ex habl\u00f3 con ella para que comenzaran con los tr\u00e1mites de divorcio, la confirmaci\u00f3n de que Otto Padr\u00f3n\u00a0<\/mark>ya hab\u00eda comenzado el proceso la tom\u00f3 por sorpresa, pues se enter\u00f3 de ello de la misma manera que el p\u00fablico, con la noticia publicada por el comunicador argentino\u00a0<strong>Javier Ceriani<\/strong>.<\/p>\n<p>&#8220;Yo me enter\u00e9 de la noticia de que el pap\u00e1 de mis hijos puso la demanda de divorcio igual que ustedes, ayer, cenando con \u00e9l, en familia, y con unos amigos, as\u00ed me lleg\u00f3 la noticia, por un mensaje que le lleg\u00f3, precisamente a Otto, de la noticia que hab\u00eda dado Javier Ceriani, yo no sab\u00eda que la hab\u00eda metido; me hab\u00eda llamado unos d\u00edas antes para comenzar el proceso, yo le dije que s\u00ed&#8221;, detall\u00f3.<\/p>\n<p>Tambi\u00e9n dijo que ella no fue la \u00fanica tomada por sorpresa y que, al recibir la noticia de que ya se conoc\u00eda p\u00fablicamente su pretensi\u00f3n de divorciarse,<mark> Padr\u00f3n le explic\u00f3 que el momento en que la demanda hab\u00eda sido presentada estaba fuera de su control, ya que era algo de lo que estaba a cargo su abogado.<\/mark><\/p>\n<p>&#8220;As\u00ed es como me entero, \u00e9l me dice que sus abogados (fueron), que \u00e9l tampoco sab\u00eda que iban a meter los papales una semana antes de mi cumplea\u00f1os, que \u00e9l tambi\u00e9n se sac\u00f3 de onda, que tampoco sab\u00eda que estaba pasando, en fin&#8230; creo que eso ya no importa&#8221;.<\/p>\n<p>Conmovida hasta las l\u00e1grimas,\u00a0<mark>Vale dijo que, su deseo, en esta separaci\u00f3n, es el de llevar un proceso alejado de los conflictos, debido a que, para ella, su deber como madre est\u00e1 por encima que el dolor que pueda experimentar como mujer<\/mark>\u00a0por el\u00a0<strong>fin de su matrimonio<\/strong>, por lo que, en este momento, su prioridad es proteger la salud mental de sus menores.<\/p>\n<p>&#8220;No importa lo que haya pasado entre Otto Padr\u00f3n y yo, de verdad no importa, \u00bfpor qu\u00e9?, porque tenemos dos hijos, que quiero que crezcan sanos, que quiero que crezcan fuertes, que quiero que crezcan mentalmente bien, es lo \u00fanico que quiero en la vida y estoy dispuesta a todo por mis hijos,<mark>\u00a0no voy a poner a la mujer primero, voy a poner a la mam\u00e1 siempre, porque primero soy mam\u00e1, me curar\u00e9 yo despu\u00e9s<\/mark>, me estoy curando, estoy saliendo&#8221;, dijo, mostrando frustraci\u00f3n por llorar en vivo.<\/p>\n<p>&#8220;Y s\u00ed, llevo ocho meses separadas y no se los hab\u00eda dicho, insisto, por el bien de mis hijos; Ang\u00e9lica tiene redes sociales y anoche le tuve que decir lo que hab\u00eda pasado, es un momento muy delicado para ella, para nosotros como familia&#8221;.<\/p>\n<p><mark>Tambi\u00e9n aclar\u00f3 que, pese a la separaci\u00f3n amorosa, trabajar\u00e1 para seguir cerca de su ex, con el mero objetivo de que sus hijos sigan disfrutando de la familia unida que un d\u00eda fueron,<\/mark>\u00a0a tal grado que, en estos meses, en que se separaron, han emprendido viajes juntos para que Ang\u00e9lica y Daniel no resientan la fractura de su matrimonio.<\/p>\n<p>Y, si bien, no dio a conocer el motivo que habr\u00eda desencadenado la separaci\u00f3n,\u00a0<strong>Ang\u00e9lica hizo alusi\u00f3n a una de las frases m\u00e1s famosas de Jos\u00e9 Jos\u00e9, al expresar que &#8220;el amor acaba&#8221;.<\/strong><\/p>\n<p>&#8220;Aqu\u00ed no hay nada que ocultar, como dir\u00eda mi gran Jos\u00e9 Jos\u00e9 &#8216;\u00e9l amor acaba&#8217; y eso lo que nos pas\u00f3, se nos olvid\u00f3 regar la plantita&#8221;.<\/p>\n","protected":false},"excerpt":{"rendered":"<p>La actriz y cantante\u00a0Ang\u00e9lica Vale\u00a0confirm\u00f3 su separaci\u00f3n con el empresario\u00a0Otto Padr\u00f3n\u00a0tras m\u00e1s de 10 a\u00f1os juntos y revel\u00f3 que se enter\u00f3 de que su ex hab\u00eda comenzado con el tr\u00e1mite de divorcio de la misma manera en que el p\u00fablico, por internet. La noticia tom\u00f3 por sorpresa a la audiencia y a los medios de [&hellip;]<\/p>\n","protected":false},"author":2,"featured_media":234637,"comment_status":"closed","ping_status":"closed","sticky":false,"template":"","format":"standard","meta":{"footnotes":""},"categories":[12870,219],"tags":[12865,12875],"class_list":["post-234636","post","type-post","status-publish","format-standard","has-post-thumbnail","hentry","category-destacadas","category-espectaculos","tag-destacadas","tag-espectaculos"],"jetpack_featured_media_url":"https:\/\/rnoticias.com.mx\/Portal\/wp-content\/uploads\/2025\/11\/descarga-2.webp","amp_enabled":true,"_links":{"self":[{"href":"https:\/\/rnoticias.com.mx\/Portal\/wp-json\/wp\/v2\/posts\/234636","targetHints":{"allow":["GET"]}}],"collection":[{"href":"https:\/\/rnoticias.com.mx\/Portal\/wp-json\/wp\/v2\/posts"}],"about":[{"href":"https:\/\/rnoticias.com.mx\/Portal\/wp-json\/wp\/v2\/types\/post"}],"author":[{"embeddable":true,"href":"https:\/\/rnoticias.com.mx\/Portal\/wp-json\/wp\/v2\/users\/2"}],"replies":[{"embeddable":true,"href":"https:\/\/rnoticias.com.mx\/Portal\/wp-json\/wp\/v2\/comments?post=234636"}],"version-history":[{"count":1,"href":"https:\/\/rnoticias.com.mx\/Portal\/wp-json\/wp\/v2\/posts\/234636\/revisions"}],"predecessor-version":[{"id":234638,"href":"https:\/\/rnoticias.com.mx\/Portal\/wp-json\/wp\/v2\/posts\/234636\/revisions\/234638"}],"wp:featuredmedia":[{"embeddable":true,"href":"https:\/\/rnoticias.com.mx\/Portal\/wp-json\/wp\/v2\/media\/234637"}],"wp:attachment":[{"href":"https:\/\/rnoticias.com.mx\/Portal\/wp-json\/wp\/v2\/media?parent=234636"}],"wp:term":[{"taxonomy":"category","embeddable":true,"href":"https:\/\/rnoticias.com.mx\/Portal\/wp-json\/wp\/v2\/categories?post=234636"},{"taxonomy":"post_tag","embeddable":true,"href":"https:\/\/rnoticias.com.mx\/Portal\/wp-json\/wp\/v2\/tags?post=234636"}],"curies":[{"name":"wp","href":"https:\/\/api.w.org\/{rel}","templated":true}]}}