{"id":234622,"date":"2025-11-10T09:18:02","date_gmt":"2025-11-10T16:18:02","guid":{"rendered":"https:\/\/rnoticias.com.mx\/Portal\/?p=234622"},"modified":"2025-11-10T09:18:02","modified_gmt":"2025-11-10T16:18:02","slug":"se-prepara-ine-para-hacer-frente-al-reto-que-implicara-organizar-el-proceso-electoral-2027","status":"publish","type":"post","link":"https:\/\/rnoticias.com.mx\/Portal\/2025\/11\/10\/se-prepara-ine-para-hacer-frente-al-reto-que-implicara-organizar-el-proceso-electoral-2027\/","title":{"rendered":"Se prepara INE para hacer frente al reto que implicar\u00e1 organizar el Proceso Electoral 2027"},"content":{"rendered":"<p class=\"x_MsoNormal\"><a name=\"x__Hlk212840250\"><\/a><span data-olk-copy-source=\"MessageBody\">El Instituto Nacional Electoral (INE)\u00a0<\/span>es una instituci\u00f3n s\u00f3lida, capaz de enfrentar retos como ser\u00e1 el organizar el Proceso Electoral Federal y Concurrente 2027, gracias a su Servicio Profesional Electoral Nacional, coincidieron la Consejera Claudia Zavala P\u00e9rez y el Consejero Mart\u00edn Faz Mora.<\/p>\n<p class=\"x_MsoNormal\">\n<p class=\"x_MsoNormal\"><a name=\"x__Hlk213060872\"><\/a>Al inaugurar\u00a0<a name=\"x__Hlk213577341\"><\/a>la\u00a0<i>Tercera Reuni\u00f3n Regional de Evaluaci\u00f3n con Vocal\u00edas Locales y Distritales<\/i>, el Consejero Mart\u00edn Faz, presidente de la Comisi\u00f3n de Organizaci\u00f3n Electoral, confi\u00f3 en que el INE, al igual que lo ha hecho en elecciones anteriores, organizar\u00e1 con \u00e9xito las elecciones 2027, gracias a que cuenta con el Servicio Profesional Electoral Nacional.<\/p>\n<p class=\"x_MsoNormal\">\n<p class=\"x_MsoNormal\">\u201cEs gracias al Servicio Profesional Electoral Nacional, que no tengo la menor duda, es el servicio civil de carrera m\u00e1s profesional y excelente de este pa\u00eds. Son ustedes desde los distritos, desde los estados con sus equipos, quienes hacen y han hecho del INE esta instituci\u00f3n, que es capaz de enfrentar todos los retos en condiciones dificil\u00edsimas\u201d, ponder\u00f3.<\/p>\n<p class=\"x_MsoNormal\">\n<p class=\"x_MsoNormal\">A las y los Vocales Ejecutivos, Secretarios y Vocales de Organizaci\u00f3n Electoral, del Registro Federal de Electores, de Capacitaci\u00f3n Electoral y Educaci\u00f3n C\u00edvica de las Juntas Ejecutivas Locales y Distritales de Baja California, Baja California Sur, Chihuahua, Durango, Jalisco, Nayarit, Sinaloa y Sonora que forman parte de la I Circunscripci\u00f3n Plurinominal, el Consejero Faz Mora les reconoci\u00f3 el trabajo realizado que ha permitido al INE constituirse como una instituci\u00f3n s\u00f3lida.<\/p>\n<p class=\"x_MsoNormal\">\n<p class=\"x_MsoNormal\">Ante los retos que han implicado la organizaci\u00f3n de elecciones en pandemia, la Consulta Popular, la Revocaci\u00f3n de Mandato, todo lo relacionado con los Planes de la Reforma Electoral, el Proceso Electoral Federal y Concurrente 2024 y la primera elecci\u00f3n del Poder Judicial de la Federaci\u00f3n, en todas, dijo, el INE ha entregado a la ciudadan\u00eda resultados confiables.<\/p>\n<p class=\"x_MsoNormal\">\n<p class=\"x_MsoNormal\">Por ello, Faz Mora estim\u00f3 que as\u00ed ser\u00e1 en la organizaci\u00f3n de las elecciones del a\u00f1o 2027, cuando se prev\u00e9 realizar de forma conjunta la segunda elecci\u00f3n del Poder Judicial de la Federaci\u00f3n.<\/p>\n<p class=\"x_MsoNormal\"><b><i>\u00a0<\/i><\/b><\/p>\n<p class=\"x_MsoNormal\"><b><i>El INE trabaja para la ciudadan\u00eda<\/i><\/b><\/p>\n<p class=\"x_MsoNormal\"><b><i>\u00a0<\/i><\/b><\/p>\n<p class=\"x_MsoNormal\">En su intervenci\u00f3n, la Consejera Claudia Zavala P\u00e9rez les pidi\u00f3 no perder de vista que el INE trabaja para la sociedad mexicana. \u201cEsta instituci\u00f3n es una instituci\u00f3n ciudadana y se profesionaliz\u00f3 para brindar un servicio de calidad a la ciudadan\u00eda, nunca perdamos de vista eso\u201d.<\/p>\n<p class=\"x_MsoNormal\">\n<p class=\"x_MsoNormal\">Subray\u00f3 que la elecci\u00f3n del 2027 implica un nuevo reto, \u201cvienen tiempos fuertes, vienen sacudidas pol\u00edticas que tienen repercusi\u00f3n en lo que hacen, pero ustedes mantengan ese servicio s\u00f3lido, profesionalizado, m\u00e1s all\u00e1 de las cuestiones pol\u00edticas\u201d.<\/p>\n<p class=\"x_MsoNormal\">\n<p class=\"x_MsoNormal\">Les solicit\u00f3 ser francos y abiertos durante los dos d\u00edas que se revisar\u00e1n los procedimientos operativos, t\u00e9cnicos y normativos realizados durante los procesos electorales 2023-2024 y 2024-2025, a fin de identificar \u00e1reas de oportunidad que sirvan de base para la formulaci\u00f3n de propuestas de mejora y modificaciones legales aplicables a los procesos electorales 2026-2027.<\/p>\n","protected":false},"excerpt":{"rendered":"<p>El Instituto Nacional Electoral (INE)\u00a0es una instituci\u00f3n s\u00f3lida, capaz de enfrentar retos como ser\u00e1 el organizar el Proceso Electoral Federal y Concurrente 2027, gracias a su Servicio Profesional Electoral Nacional, coincidieron la Consejera Claudia Zavala P\u00e9rez y el Consejero Mart\u00edn Faz Mora. Al inaugurar\u00a0la\u00a0Tercera Reuni\u00f3n Regional de Evaluaci\u00f3n con Vocal\u00edas Locales y Distritales, el Consejero [&hellip;]<\/p>\n","protected":false},"author":2,"featured_media":234624,"comment_status":"closed","ping_status":"closed","sticky":false,"template":"","format":"standard","meta":{"footnotes":""},"categories":[12870,12868],"tags":[12865,12879],"class_list":["post-234622","post","type-post","status-publish","format-standard","has-post-thumbnail","hentry","category-destacadas","category-politica","tag-destacadas","tag-politica"],"jetpack_featured_media_url":"https:\/\/rnoticias.com.mx\/Portal\/wp-content\/uploads\/2025\/11\/WhatsApp-Image-2025-11-09-at-11.23.25-AM-1.jpeg","amp_enabled":true,"_links":{"self":[{"href":"https:\/\/rnoticias.com.mx\/Portal\/wp-json\/wp\/v2\/posts\/234622","targetHints":{"allow":["GET"]}}],"collection":[{"href":"https:\/\/rnoticias.com.mx\/Portal\/wp-json\/wp\/v2\/posts"}],"about":[{"href":"https:\/\/rnoticias.com.mx\/Portal\/wp-json\/wp\/v2\/types\/post"}],"author":[{"embeddable":true,"href":"https:\/\/rnoticias.com.mx\/Portal\/wp-json\/wp\/v2\/users\/2"}],"replies":[{"embeddable":true,"href":"https:\/\/rnoticias.com.mx\/Portal\/wp-json\/wp\/v2\/comments?post=234622"}],"version-history":[{"count":1,"href":"https:\/\/rnoticias.com.mx\/Portal\/wp-json\/wp\/v2\/posts\/234622\/revisions"}],"predecessor-version":[{"id":234625,"href":"https:\/\/rnoticias.com.mx\/Portal\/wp-json\/wp\/v2\/posts\/234622\/revisions\/234625"}],"wp:featuredmedia":[{"embeddable":true,"href":"https:\/\/rnoticias.com.mx\/Portal\/wp-json\/wp\/v2\/media\/234624"}],"wp:attachment":[{"href":"https:\/\/rnoticias.com.mx\/Portal\/wp-json\/wp\/v2\/media?parent=234622"}],"wp:term":[{"taxonomy":"category","embeddable":true,"href":"https:\/\/rnoticias.com.mx\/Portal\/wp-json\/wp\/v2\/categories?post=234622"},{"taxonomy":"post_tag","embeddable":true,"href":"https:\/\/rnoticias.com.mx\/Portal\/wp-json\/wp\/v2\/tags?post=234622"}],"curies":[{"name":"wp","href":"https:\/\/api.w.org\/{rel}","templated":true}]}}