{"id":234619,"date":"2025-11-10T09:14:52","date_gmt":"2025-11-10T16:14:52","guid":{"rendered":"https:\/\/rnoticias.com.mx\/Portal\/?p=234619"},"modified":"2025-11-10T09:14:52","modified_gmt":"2025-11-10T16:14:52","slug":"el-ine-fortalece-la-transparencia-en-el-proceso-de-licitacion-internacional-para-la-produccion-de-la-credencial-para-votar-2026","status":"publish","type":"post","link":"https:\/\/rnoticias.com.mx\/Portal\/2025\/11\/10\/el-ine-fortalece-la-transparencia-en-el-proceso-de-licitacion-internacional-para-la-produccion-de-la-credencial-para-votar-2026\/","title":{"rendered":"El INE fortalece la transparencia en el proceso de licitaci\u00f3n internacional para la producci\u00f3n de la Credencial para Votar 2026"},"content":{"rendered":"<p class=\"x_MsoNormal\"><span data-olk-copy-source=\"MessageBody\">El pasado viernes 7 de noviembre, el Instituto Nacional Electoral (INE) llev\u00f3 a cabo la Junta de Aclaraciones dirigida a las y los licitantes interesados en participar en la Licitaci\u00f3n P\u00fablica Internacional para la Producci\u00f3n de la Credencial para Votar (CPV), que entrar\u00e1 en vigor a partir del a\u00f1o 2026.<\/span><\/p>\n<p class=\"x_MsoNormal\">\n<p class=\"x_MsoNormal\">La sesi\u00f3n se desarroll\u00f3 con normalidad y plena apertura, propiciando un intercambio t\u00e9cnico constructivo y la aclaraci\u00f3n de dudas entre las y los participantes. Durante la misma, se abri\u00f3 el periodo para la presentaci\u00f3n de repreguntas relacionadas con las respuestas emitidas.<\/p>\n<p class=\"x_MsoNormal\">\n<p class=\"x_MsoNormal\">Con el objetivo de garantizar condiciones equitativas y la m\u00e1xima transparencia, se acord\u00f3 continuar la sesi\u00f3n este lunes 10 de noviembre, a fin de que las y los licitantes reciban las respuestas correspondientes a sus repreguntas.<\/p>\n<p class=\"x_MsoNormal\">\n<p class=\"x_MsoNormal\">El encuentro cont\u00f3 con la verificaci\u00f3n y participaci\u00f3n de las \u00e1reas institucionales competentes, entre ellas, la Direcci\u00f3n Ejecutiva del Registro Federal de Electores (DERFE), la Direcci\u00f3n Ejecutiva de Administraci\u00f3n (DEA) y el \u00d3rgano Interno de Control (OIC), que dieron seguimiento puntual al cumplimiento de los procedimientos establecidos en la normatividad vigente.<\/p>\n<p class=\"x_MsoNormal\">\n<p class=\"x_MsoNormal\">En un ejercicio de transparencia y rendici\u00f3n de cuentas, el INE informa que la sesi\u00f3n fue grabada en su totalidad y estar\u00e1 disponible para consulta p\u00fablica, de modo que la ciudadan\u00eda pueda conocer el desarrollo del proceso de licitaci\u00f3n y las etapas que garantizan la imparcialidad y el rigor t\u00e9cnico en la contrataci\u00f3n del servicio.<\/p>\n<p class=\"x_MsoNormal\">\n<p class=\"x_MsoNormal\">Con este proceso, el Instituto refrenda su compromiso con la modernizaci\u00f3n tecnol\u00f3gica y la seguridad documental, pilares fundamentales en la producci\u00f3n de la Credencial para Votar, documento oficial que acredita la identidad y garantiza el ejercicio de los derechos pol\u00edtico-electorales de la ciudadan\u00eda mexicana.<\/p>\n<p class=\"x_MsoNormal\">\n<p class=\"x_MsoNormal\">El INE ratifica su compromiso con la legalidad, la transparencia y la rendici\u00f3n de cuentas en todas las acciones que lleva a cabo.<\/p>\n<p class=\"x_MsoNormal\"><b>\u00a0<\/b><\/p>\n","protected":false},"excerpt":{"rendered":"<p>El pasado viernes 7 de noviembre, el Instituto Nacional Electoral (INE) llev\u00f3 a cabo la Junta de Aclaraciones dirigida a las y los licitantes interesados en participar en la Licitaci\u00f3n P\u00fablica Internacional para la Producci\u00f3n de la Credencial para Votar (CPV), que entrar\u00e1 en vigor a partir del a\u00f1o 2026. La sesi\u00f3n se desarroll\u00f3 con [&hellip;]<\/p>\n","protected":false},"author":2,"featured_media":234620,"comment_status":"closed","ping_status":"closed","sticky":false,"template":"","format":"standard","meta":{"footnotes":""},"categories":[12870,12868],"tags":[12865,12879],"class_list":["post-234619","post","type-post","status-publish","format-standard","has-post-thumbnail","hentry","category-destacadas","category-politica","tag-destacadas","tag-politica"],"jetpack_featured_media_url":"https:\/\/rnoticias.com.mx\/Portal\/wp-content\/uploads\/2025\/11\/WhatsApp-Image-2025-11-09-at-11.23.25-AM-2.jpeg","amp_enabled":true,"_links":{"self":[{"href":"https:\/\/rnoticias.com.mx\/Portal\/wp-json\/wp\/v2\/posts\/234619","targetHints":{"allow":["GET"]}}],"collection":[{"href":"https:\/\/rnoticias.com.mx\/Portal\/wp-json\/wp\/v2\/posts"}],"about":[{"href":"https:\/\/rnoticias.com.mx\/Portal\/wp-json\/wp\/v2\/types\/post"}],"author":[{"embeddable":true,"href":"https:\/\/rnoticias.com.mx\/Portal\/wp-json\/wp\/v2\/users\/2"}],"replies":[{"embeddable":true,"href":"https:\/\/rnoticias.com.mx\/Portal\/wp-json\/wp\/v2\/comments?post=234619"}],"version-history":[{"count":1,"href":"https:\/\/rnoticias.com.mx\/Portal\/wp-json\/wp\/v2\/posts\/234619\/revisions"}],"predecessor-version":[{"id":234621,"href":"https:\/\/rnoticias.com.mx\/Portal\/wp-json\/wp\/v2\/posts\/234619\/revisions\/234621"}],"wp:featuredmedia":[{"embeddable":true,"href":"https:\/\/rnoticias.com.mx\/Portal\/wp-json\/wp\/v2\/media\/234620"}],"wp:attachment":[{"href":"https:\/\/rnoticias.com.mx\/Portal\/wp-json\/wp\/v2\/media?parent=234619"}],"wp:term":[{"taxonomy":"category","embeddable":true,"href":"https:\/\/rnoticias.com.mx\/Portal\/wp-json\/wp\/v2\/categories?post=234619"},{"taxonomy":"post_tag","embeddable":true,"href":"https:\/\/rnoticias.com.mx\/Portal\/wp-json\/wp\/v2\/tags?post=234619"}],"curies":[{"name":"wp","href":"https:\/\/api.w.org\/{rel}","templated":true}]}}