{"id":234610,"date":"2025-11-10T09:07:06","date_gmt":"2025-11-10T16:07:06","guid":{"rendered":"https:\/\/rnoticias.com.mx\/Portal\/?p=234610"},"modified":"2025-11-10T09:07:06","modified_gmt":"2025-11-10T16:07:06","slug":"expresidente-frances-sarkozy-saldra-de-la-carcel-en-libertad-condicional","status":"publish","type":"post","link":"https:\/\/rnoticias.com.mx\/Portal\/2025\/11\/10\/expresidente-frances-sarkozy-saldra-de-la-carcel-en-libertad-condicional\/","title":{"rendered":"Expresidente franc\u00e9s Sarkozy saldr\u00e1 de la c\u00e1rcel en libertad condicional"},"content":{"rendered":"<p>El expresidente franc\u00e9s\u00a0<strong>Nicolas Sarkozy<\/strong>, condenado a 5 a\u00f1os de prisi\u00f3n por\u00a0<strong>corrupci\u00f3n<\/strong>, saldr\u00e1 de la c\u00e1rcel parisina de La Sant\u00e9 tras 20 d\u00edas gracias a la decisi\u00f3n pronunciada este lunes por el\u00a0<strong>Tribunal de Apelaci\u00f3n de Par\u00eds<\/strong>, que decret\u00f3 un control judicial que incluye la prohibici\u00f3n de salir de\u00a0<strong>Francia<\/strong>\u00a0y contactar con el ministro de Justicia, G\u00e9rard Darmanin.<\/p>\n<p>El que fuera jefe de Estado de Francia entre 2007 y 2012 hab\u00eda sido condenado el pasado septiembre a 5 a\u00f1os de\u00a0<strong>c\u00e1rcel<\/strong>\u00a0por haber dejado que sus principales colaboradores negociaran con responsables del r\u00e9gimen de\u00a0<strong>Muamar Gadafi<\/strong>\u00a0para obtener dinero para la campa\u00f1a de las\u00a0<strong>elecciones presidenciales<\/strong>\u00a0de 2007, que gan\u00f3.<\/p>\n<p>La &#8220;<strong>libertad<\/strong>\u00a0bajo control judicial&#8221; a la que se someter\u00e1 Sarkozy (70 a\u00f1os) incluye, adem\u00e1s de la prohibici\u00f3n de salir de Francia y de entrar en contacto con los otros condenados en el caso, &#8220;la prohibici\u00f3n de contactar&#8221; con el actual ministro de Justicia, G\u00e9rald Darmanin, quien le visit\u00f3 en la c\u00e1rcel y del que es adem\u00e1s un allegado tras haber compartido partido pol\u00edtico la d\u00e9cada pasada.<\/p>\n<p>&nbsp;<\/p>\n<p>Fuente: EFE<\/p>\n","protected":false},"excerpt":{"rendered":"<p>El expresidente franc\u00e9s\u00a0Nicolas Sarkozy, condenado a 5 a\u00f1os de prisi\u00f3n por\u00a0corrupci\u00f3n, saldr\u00e1 de la c\u00e1rcel parisina de La Sant\u00e9 tras 20 d\u00edas gracias a la decisi\u00f3n pronunciada este lunes por el\u00a0Tribunal de Apelaci\u00f3n de Par\u00eds, que decret\u00f3 un control judicial que incluye la prohibici\u00f3n de salir de\u00a0Francia\u00a0y contactar con el ministro de Justicia, G\u00e9rard Darmanin. [&hellip;]<\/p>\n","protected":false},"author":2,"featured_media":234611,"comment_status":"closed","ping_status":"closed","sticky":false,"template":"","format":"standard","meta":{"footnotes":""},"categories":[12870,182],"tags":[12865,12871],"class_list":["post-234610","post","type-post","status-publish","format-standard","has-post-thumbnail","hentry","category-destacadas","category-internacional","tag-destacadas","tag-internacional"],"jetpack_featured_media_url":"https:\/\/rnoticias.com.mx\/Portal\/wp-content\/uploads\/2025\/11\/large_nicolas_sarkozy_e786ffefb1.jpg","amp_enabled":true,"_links":{"self":[{"href":"https:\/\/rnoticias.com.mx\/Portal\/wp-json\/wp\/v2\/posts\/234610","targetHints":{"allow":["GET"]}}],"collection":[{"href":"https:\/\/rnoticias.com.mx\/Portal\/wp-json\/wp\/v2\/posts"}],"about":[{"href":"https:\/\/rnoticias.com.mx\/Portal\/wp-json\/wp\/v2\/types\/post"}],"author":[{"embeddable":true,"href":"https:\/\/rnoticias.com.mx\/Portal\/wp-json\/wp\/v2\/users\/2"}],"replies":[{"embeddable":true,"href":"https:\/\/rnoticias.com.mx\/Portal\/wp-json\/wp\/v2\/comments?post=234610"}],"version-history":[{"count":1,"href":"https:\/\/rnoticias.com.mx\/Portal\/wp-json\/wp\/v2\/posts\/234610\/revisions"}],"predecessor-version":[{"id":234612,"href":"https:\/\/rnoticias.com.mx\/Portal\/wp-json\/wp\/v2\/posts\/234610\/revisions\/234612"}],"wp:featuredmedia":[{"embeddable":true,"href":"https:\/\/rnoticias.com.mx\/Portal\/wp-json\/wp\/v2\/media\/234611"}],"wp:attachment":[{"href":"https:\/\/rnoticias.com.mx\/Portal\/wp-json\/wp\/v2\/media?parent=234610"}],"wp:term":[{"taxonomy":"category","embeddable":true,"href":"https:\/\/rnoticias.com.mx\/Portal\/wp-json\/wp\/v2\/categories?post=234610"},{"taxonomy":"post_tag","embeddable":true,"href":"https:\/\/rnoticias.com.mx\/Portal\/wp-json\/wp\/v2\/tags?post=234610"}],"curies":[{"name":"wp","href":"https:\/\/api.w.org\/{rel}","templated":true}]}}