{"id":234604,"date":"2025-11-10T09:01:11","date_gmt":"2025-11-10T16:01:11","guid":{"rendered":"https:\/\/rnoticias.com.mx\/Portal\/?p=234604"},"modified":"2025-11-10T09:01:11","modified_gmt":"2025-11-10T16:01:11","slug":"lola-cortes-debera-pagar-fuerte-sancion-economica-por-abandonar-la-granja-vip","status":"publish","type":"post","link":"https:\/\/rnoticias.com.mx\/Portal\/2025\/11\/10\/lola-cortes-debera-pagar-fuerte-sancion-economica-por-abandonar-la-granja-vip\/","title":{"rendered":"Lola Cort\u00e9s deber\u00e1 pagar fuerte sanci\u00f3n econ\u00f3mica por abandonar La Granja VIP"},"content":{"rendered":"<p>El m\u00e1s reciente episodio de La Granja VIP, transmitido el domingo 9 de noviembre, dej\u00f3 grandes sorpresas para los seguidores del reality, especialmente por la inesperada salida de Lola Cort\u00e9s. La artista\u00a0<mark>decidi\u00f3 abandonar voluntariamente la competencia,<\/mark>\u00a0decisi\u00f3n que, seg\u00fan adelant\u00f3 Adal Ramones,\u00a0<strong>traer\u00e1 consigo importantes sanciones, entre ellas una multa econ\u00f3mica considerable.<\/strong><\/p>\n<p>En las \u00faltimas semanas, el programa se ha mantenido en el centro de la atenci\u00f3n p\u00fablica debido a los m\u00faltiples conflictos surgidos entre los participantes, lo que ha incrementado la tensi\u00f3n dentro del encierro. Sin embargo, la decisi\u00f3n de Cort\u00e9s tom\u00f3 a los espectadores por sorpresa, ya que<strong>\u00a0durante la emisi\u00f3n explic\u00f3 que su retiro obedec\u00eda a problemas de salud.<\/strong><\/p>\n<p>Durante su despedida, la tambi\u00e9n actriz y bailarina revel\u00f3 que<mark>\u00a0enfrenta un trastorno de ansiedad que le imped\u00eda continuar en la competencia,\u00a0<\/mark>motivo por el cual decidi\u00f3 priorizar su bienestar emocional.\u00a0<i>\u201cNo puedo seguir, necesito cuidar mi salud mental\u201d<\/i>, expres\u00f3 la exintegrante del reality al comunicar su decisi\u00f3n.<\/p>\n<p>Tras su renuncia, se report\u00f3 que la salida de Cort\u00e9s no se realiz\u00f3 por el foro principal, sino\u00a0<strong>de manera discreta, \u201cpor la puerta de atr\u00e1s\u201d,\u00a0<\/strong>como consecuencia inmediata de su decisi\u00f3n.<\/p>\n<p>&nbsp;<\/p>\n<h2>Lola Cort\u00e9s ser\u00e1 multada<\/h2>\n<p>De acuerdo con informaci\u00f3n filtrada en redes sociales, la producci\u00f3n aplicar\u00e1 una multa de aproximadamente\u00a0<strong>50 mil d\u00f3lares,<\/strong>\u00a0equivalente a cerca de\u00a0<strong>un mill\u00f3n de pesos mexicanos,<\/strong>\u00a0por haber incumplido el contrato firmado al integrarse al programa. Adem\u00e1s, se mencion\u00f3 que\u00a0<mark>podr\u00edan existir otras consecuencias administrativas que a\u00fan no se han dado a conocer p\u00fablicamente.<\/mark><\/p>\n","protected":false},"excerpt":{"rendered":"<p>El m\u00e1s reciente episodio de La Granja VIP, transmitido el domingo 9 de noviembre, dej\u00f3 grandes sorpresas para los seguidores del reality, especialmente por la inesperada salida de Lola Cort\u00e9s. La artista\u00a0decidi\u00f3 abandonar voluntariamente la competencia,\u00a0decisi\u00f3n que, seg\u00fan adelant\u00f3 Adal Ramones,\u00a0traer\u00e1 consigo importantes sanciones, entre ellas una multa econ\u00f3mica considerable. En las \u00faltimas semanas, el [&hellip;]<\/p>\n","protected":false},"author":2,"featured_media":234605,"comment_status":"closed","ping_status":"closed","sticky":false,"template":"","format":"standard","meta":{"footnotes":""},"categories":[12870,219],"tags":[12865,12875],"class_list":["post-234604","post","type-post","status-publish","format-standard","has-post-thumbnail","hentry","category-destacadas","category-espectaculos","tag-destacadas","tag-espectaculos"],"jetpack_featured_media_url":"https:\/\/rnoticias.com.mx\/Portal\/wp-content\/uploads\/2025\/11\/descarga-3.jpeg","amp_enabled":true,"_links":{"self":[{"href":"https:\/\/rnoticias.com.mx\/Portal\/wp-json\/wp\/v2\/posts\/234604","targetHints":{"allow":["GET"]}}],"collection":[{"href":"https:\/\/rnoticias.com.mx\/Portal\/wp-json\/wp\/v2\/posts"}],"about":[{"href":"https:\/\/rnoticias.com.mx\/Portal\/wp-json\/wp\/v2\/types\/post"}],"author":[{"embeddable":true,"href":"https:\/\/rnoticias.com.mx\/Portal\/wp-json\/wp\/v2\/users\/2"}],"replies":[{"embeddable":true,"href":"https:\/\/rnoticias.com.mx\/Portal\/wp-json\/wp\/v2\/comments?post=234604"}],"version-history":[{"count":1,"href":"https:\/\/rnoticias.com.mx\/Portal\/wp-json\/wp\/v2\/posts\/234604\/revisions"}],"predecessor-version":[{"id":234606,"href":"https:\/\/rnoticias.com.mx\/Portal\/wp-json\/wp\/v2\/posts\/234604\/revisions\/234606"}],"wp:featuredmedia":[{"embeddable":true,"href":"https:\/\/rnoticias.com.mx\/Portal\/wp-json\/wp\/v2\/media\/234605"}],"wp:attachment":[{"href":"https:\/\/rnoticias.com.mx\/Portal\/wp-json\/wp\/v2\/media?parent=234604"}],"wp:term":[{"taxonomy":"category","embeddable":true,"href":"https:\/\/rnoticias.com.mx\/Portal\/wp-json\/wp\/v2\/categories?post=234604"},{"taxonomy":"post_tag","embeddable":true,"href":"https:\/\/rnoticias.com.mx\/Portal\/wp-json\/wp\/v2\/tags?post=234604"}],"curies":[{"name":"wp","href":"https:\/\/api.w.org\/{rel}","templated":true}]}}