{"id":234556,"date":"2025-11-08T10:43:47","date_gmt":"2025-11-08T17:43:47","guid":{"rendered":"https:\/\/rnoticias.com.mx\/Portal\/?p=234556"},"modified":"2025-11-08T10:43:47","modified_gmt":"2025-11-08T17:43:47","slug":"rosalia-canta-reliquia-en-los-40-music-awards-y-estrena-en-directo-su-lux","status":"publish","type":"post","link":"https:\/\/rnoticias.com.mx\/Portal\/2025\/11\/08\/rosalia-canta-reliquia-en-los-40-music-awards-y-estrena-en-directo-su-lux\/","title":{"rendered":"Rosal\u00eda canta &#8216;Reliquia&#8217; en Los 40 Music Awards y estrena en directo su &#8216;Lux&#8217;"},"content":{"rendered":"<p><strong>Rosal\u00eda<\/strong>\u00a0encendi\u00f3 la gala de premios de\u00a0<strong>Los40 Music Awards<\/strong>\u00a0Santander 2025 con su\u00a0<strong>\u2018Lux\u2019<\/strong>, su cuarto disco de estudio que public\u00f3 este viernes y que interpret\u00f3 por primera vez en directo, y eligi\u00f3 una de sus canciones, &#8216;Reliquia&#8217;, para abrir el espect\u00e1culo, acompa\u00f1ada por una orquesta y rodeada de velas.<\/p>\n<p>La estrella internacional fue la primera en actuar en un Roig Arena de Valencia, que ha enloqueci\u00f3 cuando vio a la artista espa\u00f1ola sobre un escenario oscuro, rodeada de cruces con luz y velas.<\/p>\n<p><strong>\u201cPero mi coraz\u00f3n nunca ha sido m\u00edo, yo siempre lo doy\u201d,\u00a0<\/strong>canta en una de sus estrofas, y la artista catalana hizo justamente eso, entregar su coraz\u00f3n al p\u00fablico valenciano con un espect\u00e1culo exclusivo para la ocasi\u00f3n.<\/p>\n<p>Un a\u00f1o despu\u00e9s de ser una de los miles de voluntarios que llegaron a Valencia en los d\u00edas posteriores a aquel tr\u00e1gico 29 de octubre cuando el paso de la dana (la tormenta que caus\u00f3 fuertes inundaciones y dej\u00f3 229 muertos) destroz\u00f3 la provincia,<strong> y despu\u00e9s de que se filtrara el disco entero d\u00edas antes de su estreno, Rosal\u00eda ha presentado su nueva obra al mundo entero desde el recinto valenciano.<\/strong><img decoding=\"async\" src=\"https:\/\/platform-cdn.sharethis.com\/img\/facebook.svg\" alt=\"facebook sharing button\" \/><\/p>\n<div class=\"video-responsive vertical-video\">\n<div id=\"st-el-2\" class=\" st-video-share-buttons st-center  st-inline-share-buttons st-animated\" data-url=\"https:\/\/www.youtube.com\/embed\/Ys4HVF4jxSE?si=UxAGpHmEwyjUvAoB\">\n<div class=\"st-btn\" data-network=\"twitter\">Acompa\u00f1ada de una gran orquesta, la cantante recorri\u00f3 con calma la pasarela del escenario, mientras en varias cruces se le\u00eda la letra de la canci\u00f3n, que habla de sus vivencias en ciudades como Roma, Madrid, Par\u00eds, Los \u00c1ngeles, Granada, Mil\u00e1n o M\u00e9xico.<\/div>\n<\/div>\n<\/div>\n<p>En una actuaci\u00f3n que se hizo corta pero intensa, puso todo su sentimiento\u00a0<strong>acompa\u00f1ada por el sonido de unos violines en el inicio y por unos ritmos m\u00e1s electr\u00f3nicos en un final en el que volaron partituras del cielo.<\/strong><\/p>\n<p>Con un \u201cGr\u00e0cies, Val\u00e8ncia\u201d (&#8220;gracias&#8221; en catal\u00e1n, lengua materna de la artista),\u00a0<strong>Rosal\u00eda abandon\u00f3 el escenario entre los aplausos del p\u00fablico, que contin\u00faa disfrutando de una gala por la que tambi\u00e9n actuar\u00e1n estrellas nacionales e internacionales como Aitana, Ed Sheeran o Feid.<\/strong><\/p>\n<p>Previamente, a su llegada al pabell\u00f3n a\u00fan con luz diurna, la tambi\u00e9n responsable de discos como &#8216;El mal querer&#8217; y &#8216;Motomami&#8217; aseguraba ante los medios en la alfombra roja de invitados que le ha sorprendido &#8220;mucho&#8221; y le ha ilusionado que la gente tuviera tantas de ganas de recibir su nuevo \u00e1lbum.<\/p>\n<p>&nbsp;<\/p>\n<p>Fuente: EFE<\/p>\n","protected":false},"excerpt":{"rendered":"<p>Rosal\u00eda\u00a0encendi\u00f3 la gala de premios de\u00a0Los40 Music Awards\u00a0Santander 2025 con su\u00a0\u2018Lux\u2019, su cuarto disco de estudio que public\u00f3 este viernes y que interpret\u00f3 por primera vez en directo, y eligi\u00f3 una de sus canciones, &#8216;Reliquia&#8217;, para abrir el espect\u00e1culo, acompa\u00f1ada por una orquesta y rodeada de velas. La estrella internacional fue la primera en actuar [&hellip;]<\/p>\n","protected":false},"author":2,"featured_media":234557,"comment_status":"closed","ping_status":"closed","sticky":false,"template":"","format":"standard","meta":{"footnotes":""},"categories":[12870,219],"tags":[12865,12875],"class_list":["post-234556","post","type-post","status-publish","format-standard","has-post-thumbnail","hentry","category-destacadas","category-espectaculos","tag-destacadas","tag-espectaculos"],"jetpack_featured_media_url":"https:\/\/rnoticias.com.mx\/Portal\/wp-content\/uploads\/2025\/11\/la-actuacion-en-directo-de-rosalia-en-la-gala-de-los-40-music-awards-reliquia-la-cancion-que-mejor-d_da39-2.webp","amp_enabled":true,"_links":{"self":[{"href":"https:\/\/rnoticias.com.mx\/Portal\/wp-json\/wp\/v2\/posts\/234556","targetHints":{"allow":["GET"]}}],"collection":[{"href":"https:\/\/rnoticias.com.mx\/Portal\/wp-json\/wp\/v2\/posts"}],"about":[{"href":"https:\/\/rnoticias.com.mx\/Portal\/wp-json\/wp\/v2\/types\/post"}],"author":[{"embeddable":true,"href":"https:\/\/rnoticias.com.mx\/Portal\/wp-json\/wp\/v2\/users\/2"}],"replies":[{"embeddable":true,"href":"https:\/\/rnoticias.com.mx\/Portal\/wp-json\/wp\/v2\/comments?post=234556"}],"version-history":[{"count":1,"href":"https:\/\/rnoticias.com.mx\/Portal\/wp-json\/wp\/v2\/posts\/234556\/revisions"}],"predecessor-version":[{"id":234558,"href":"https:\/\/rnoticias.com.mx\/Portal\/wp-json\/wp\/v2\/posts\/234556\/revisions\/234558"}],"wp:featuredmedia":[{"embeddable":true,"href":"https:\/\/rnoticias.com.mx\/Portal\/wp-json\/wp\/v2\/media\/234557"}],"wp:attachment":[{"href":"https:\/\/rnoticias.com.mx\/Portal\/wp-json\/wp\/v2\/media?parent=234556"}],"wp:term":[{"taxonomy":"category","embeddable":true,"href":"https:\/\/rnoticias.com.mx\/Portal\/wp-json\/wp\/v2\/categories?post=234556"},{"taxonomy":"post_tag","embeddable":true,"href":"https:\/\/rnoticias.com.mx\/Portal\/wp-json\/wp\/v2\/tags?post=234556"}],"curies":[{"name":"wp","href":"https:\/\/api.w.org\/{rel}","templated":true}]}}