{"id":234547,"date":"2025-11-08T10:36:05","date_gmt":"2025-11-08T17:36:05","guid":{"rendered":"https:\/\/rnoticias.com.mx\/Portal\/?p=234547"},"modified":"2025-11-08T10:36:05","modified_gmt":"2025-11-08T17:36:05","slug":"gap-culmina-con-exito-la-semana-de-la-seguridad-operacional-2025","status":"publish","type":"post","link":"https:\/\/rnoticias.com.mx\/Portal\/2025\/11\/08\/gap-culmina-con-exito-la-semana-de-la-seguridad-operacional-2025\/","title":{"rendered":"GAP CULMINA CON \u00c9XITO LA SEMANA DE LA SEGURIDAD OPERACIONAL 2025"},"content":{"rendered":"<p><strong data-olk-copy-source=\"MessageBody\">Guadalajara, Jalisco. 8 de noviembre de 2025.<\/strong>\u00a0Grupo Aeroportuario del Pac\u00edfico (GAP) concluy\u00f3 la s\u00e9ptima edici\u00f3n de la Semana de la Seguridad Operacional (GAP Safety Week 2025) bajo el lema \u201cSMS en acci\u00f3n: cada reporte es una barrera de protecci\u00f3n\u201d, consolid\u00e1ndola como un espacio de referencia nacional e internacional en la promoci\u00f3n de la seguridad operacional, y una plataforma en donde cada proveedor de servicio tiene la oportunidad de compartir buenas pr\u00e1cticas y lecciones aprendidas.<\/p>\n<p>Para GAP, la seguridad no es solo una prioridad operativa, sino un valor fundamental y compartido que gu\u00eda cada una de las acciones dentro de sus aeropuertos.<\/p>\n<p>Durante cinco d\u00edas, del 3 al 7 de noviembre, las terminales a\u00e9reas administradas por GAP en M\u00e9xico realizaron distintos talleres, actividades y retos para toda la comunidad aeroportuaria. Adicionalmente, se tuvo un programa de webinars especializados, los cuales reunieron autoridades, operadores y expertos de M\u00e9xico, Estados Unidos y Europa para compartir experiencias y fortalecer la cultura de seguridad operacional. Entre las actividades m\u00e1s relevantes destac\u00f3 el primer Foro de Prevenci\u00f3n de Incursiones en Pista, que marc\u00f3 un precedente en la colaboraci\u00f3n interinstitucional del sector a\u00e9reo nacional.<\/p>\n<p>Durante esta edici\u00f3n, se abordaron temas claves en la actualidad, como el futuro de la inteligencia artificial en la seguridad operacional, el establecimiento de una cultura proactiva de reportes de seguridad operacional, y la importancia que tiene la planificaci\u00f3n operativa para la puesta en operaci\u00f3n de nueva infraestructura aeroportuaria.<\/p>\n<p>El prop\u00f3sito central de esta edici\u00f3n fue fortalecer la capacidad colectiva para participar, reportar y mejorar de manera continua. Bajo esta visi\u00f3n, se promovi\u00f3 una reflexi\u00f3n profunda sobre dos elementos esenciales: la cultura del reporte y la cultura justa, aquella que distingue entre errores humanos y conductas negligentes, para que cada persona se sienta segura de compartir informaci\u00f3n cr\u00edtica. En la aviaci\u00f3n, cada reporte, por peque\u00f1o que parezca, puede marcar la diferencia entre mantener una operaci\u00f3n segura o enfrentar una consecuencia evitable.<\/p>\n<p>Desde su creaci\u00f3n en 2019, la GAP Safety Week se ha consolidado como una iniciativa en M\u00e9xico que promueve el di\u00e1logo, el aprendizaje y la cooperaci\u00f3n en torno a un objetivo com\u00fan: fortalecer los pilares que sostienen un sistema de aviaci\u00f3n seguro, confiable y eficiente.<\/p>\n<p>Este foro se ha convertido en un punto de encuentro para todos los actores del entorno aeroportuario como pilotos, controladores, personal de operaciones y autoridades, con quienes GAP comparte la responsabilidad de garantizar el adecuado funcionamiento de los sistemas de gesti\u00f3n de la seguridad operacional.<\/p>\n<p>Grupo Aeroportuario del Pac\u00edfico continuar\u00e1 impulsando programas que eleven los est\u00e1ndares de seguridad y servicio en cada una de sus terminales, reafirmando su liderazgo como operador de clase mundial y su compromiso con una aviaci\u00f3n segura.\u00a0 \u00a1En la seguridad, contamos todos!<\/p>\n<p aria-hidden=\"true\">\n","protected":false},"excerpt":{"rendered":"<p>Guadalajara, Jalisco. 8 de noviembre de 2025.\u00a0Grupo Aeroportuario del Pac\u00edfico (GAP) concluy\u00f3 la s\u00e9ptima edici\u00f3n de la Semana de la Seguridad Operacional (GAP Safety Week 2025) bajo el lema \u201cSMS en acci\u00f3n: cada reporte es una barrera de protecci\u00f3n\u201d, consolid\u00e1ndola como un espacio de referencia nacional e internacional en la promoci\u00f3n de la seguridad operacional, [&hellip;]<\/p>\n","protected":false},"author":2,"featured_media":234548,"comment_status":"closed","ping_status":"closed","sticky":false,"template":"","format":"standard","meta":{"footnotes":""},"categories":[12870,178],"tags":[12865,12869],"class_list":["post-234547","post","type-post","status-publish","format-standard","has-post-thumbnail","hentry","category-destacadas","category-local","tag-destacadas","tag-local"],"jetpack_featured_media_url":"https:\/\/rnoticias.com.mx\/Portal\/wp-content\/uploads\/2025\/11\/GDL_Dia2_Dinamicaextinciondefuego_09.jpg","amp_enabled":true,"_links":{"self":[{"href":"https:\/\/rnoticias.com.mx\/Portal\/wp-json\/wp\/v2\/posts\/234547","targetHints":{"allow":["GET"]}}],"collection":[{"href":"https:\/\/rnoticias.com.mx\/Portal\/wp-json\/wp\/v2\/posts"}],"about":[{"href":"https:\/\/rnoticias.com.mx\/Portal\/wp-json\/wp\/v2\/types\/post"}],"author":[{"embeddable":true,"href":"https:\/\/rnoticias.com.mx\/Portal\/wp-json\/wp\/v2\/users\/2"}],"replies":[{"embeddable":true,"href":"https:\/\/rnoticias.com.mx\/Portal\/wp-json\/wp\/v2\/comments?post=234547"}],"version-history":[{"count":1,"href":"https:\/\/rnoticias.com.mx\/Portal\/wp-json\/wp\/v2\/posts\/234547\/revisions"}],"predecessor-version":[{"id":234549,"href":"https:\/\/rnoticias.com.mx\/Portal\/wp-json\/wp\/v2\/posts\/234547\/revisions\/234549"}],"wp:featuredmedia":[{"embeddable":true,"href":"https:\/\/rnoticias.com.mx\/Portal\/wp-json\/wp\/v2\/media\/234548"}],"wp:attachment":[{"href":"https:\/\/rnoticias.com.mx\/Portal\/wp-json\/wp\/v2\/media?parent=234547"}],"wp:term":[{"taxonomy":"category","embeddable":true,"href":"https:\/\/rnoticias.com.mx\/Portal\/wp-json\/wp\/v2\/categories?post=234547"},{"taxonomy":"post_tag","embeddable":true,"href":"https:\/\/rnoticias.com.mx\/Portal\/wp-json\/wp\/v2\/tags?post=234547"}],"curies":[{"name":"wp","href":"https:\/\/api.w.org\/{rel}","templated":true}]}}