{"id":234492,"date":"2025-11-07T12:28:10","date_gmt":"2025-11-07T19:28:10","guid":{"rendered":"https:\/\/rnoticias.com.mx\/Portal\/?p=234492"},"modified":"2025-11-07T12:28:10","modified_gmt":"2025-11-07T19:28:10","slug":"claudia-sheinbaum-presentara-el-plan-michoacan-por-la-paz-y-la-justicia-el-domingo","status":"publish","type":"post","link":"https:\/\/rnoticias.com.mx\/Portal\/2025\/11\/07\/claudia-sheinbaum-presentara-el-plan-michoacan-por-la-paz-y-la-justicia-el-domingo\/","title":{"rendered":"Claudia Sheinbaum presentar\u00e1 el Plan Michoac\u00e1n por la Paz y la Justicia el domingo"},"content":{"rendered":"<p>La Presidenta de M\u00e9xico, Claudia Sheinbaum Pardo, anunci\u00f3 que el pr\u00f3ximo domingo 9 de noviembre presentar\u00e1 el Plan Michoac\u00e1n por la Paz y la Justicia, una estrategia integral para atender la violencia en el estado, que se dise\u00f1\u00f3 tras el asesinato del alcalde de Uruapan, Carlos Manzo, el pasado 1 de noviembre.<\/p>\n<p><mark><strong>En su conferencia matutina de este viernes, la Mandataria puntualiz\u00f3 que el Plan ser\u00e1 presentado en el Palacio Nacional, ante los di\u00e1logos del gobierno con distintos sectores de Michoac\u00e1n.<\/strong><\/mark><\/p>\n<p>&#8220;Ha estado trabajando la secretaria (de Gobernaci\u00f3n) Rosa Icela y todos los secretarios del Gabinete, acerc\u00e1ndose, desde los presidentes municipales; ayer tuvo reuni\u00f3n con las iglesias, con distintos sectores de Michoac\u00e1n&#8221;.<\/p>\n<p><mark><strong>&#8220;Ha habido reuni\u00f3n con los maestros y maestras, en fin, distintas reuniones que se han desarrollado, y el domingo lo presentamos, que despu\u00e9s se puede seguir ampliando&#8221;<\/strong><\/mark>, se\u00f1al\u00f3 la titular del Ejecutivo federal.<\/p>\n<p>Reiter\u00f3 que las personas michoacanas no est\u00e1n solas: &#8220;Ha habido presencia en Michoac\u00e1n&#8221;.<\/p>\n<p>Previamente, la Presidenta inform\u00f3 que la estrategia contempla tres ejes principales: seguridad y justicia; desarrollo econ\u00f3mico con justicia; y educaci\u00f3n y cultura para la paz.<\/p>\n","protected":false},"excerpt":{"rendered":"<p>La Presidenta de M\u00e9xico, Claudia Sheinbaum Pardo, anunci\u00f3 que el pr\u00f3ximo domingo 9 de noviembre presentar\u00e1 el Plan Michoac\u00e1n por la Paz y la Justicia, una estrategia integral para atender la violencia en el estado, que se dise\u00f1\u00f3 tras el asesinato del alcalde de Uruapan, Carlos Manzo, el pasado 1 de noviembre. En su conferencia [&hellip;]<\/p>\n","protected":false},"author":2,"featured_media":234493,"comment_status":"closed","ping_status":"closed","sticky":false,"template":"","format":"standard","meta":{"footnotes":""},"categories":[12870,172],"tags":[12865,12874],"class_list":["post-234492","post","type-post","status-publish","format-standard","has-post-thumbnail","hentry","category-destacadas","category-nacional","tag-destacadas","tag-nacional"],"jetpack_featured_media_url":"https:\/\/rnoticias.com.mx\/Portal\/wp-content\/uploads\/2025\/11\/fa587667ac63ac1c4340005dc4e1f832_L.webp","amp_enabled":true,"_links":{"self":[{"href":"https:\/\/rnoticias.com.mx\/Portal\/wp-json\/wp\/v2\/posts\/234492","targetHints":{"allow":["GET"]}}],"collection":[{"href":"https:\/\/rnoticias.com.mx\/Portal\/wp-json\/wp\/v2\/posts"}],"about":[{"href":"https:\/\/rnoticias.com.mx\/Portal\/wp-json\/wp\/v2\/types\/post"}],"author":[{"embeddable":true,"href":"https:\/\/rnoticias.com.mx\/Portal\/wp-json\/wp\/v2\/users\/2"}],"replies":[{"embeddable":true,"href":"https:\/\/rnoticias.com.mx\/Portal\/wp-json\/wp\/v2\/comments?post=234492"}],"version-history":[{"count":1,"href":"https:\/\/rnoticias.com.mx\/Portal\/wp-json\/wp\/v2\/posts\/234492\/revisions"}],"predecessor-version":[{"id":234494,"href":"https:\/\/rnoticias.com.mx\/Portal\/wp-json\/wp\/v2\/posts\/234492\/revisions\/234494"}],"wp:featuredmedia":[{"embeddable":true,"href":"https:\/\/rnoticias.com.mx\/Portal\/wp-json\/wp\/v2\/media\/234493"}],"wp:attachment":[{"href":"https:\/\/rnoticias.com.mx\/Portal\/wp-json\/wp\/v2\/media?parent=234492"}],"wp:term":[{"taxonomy":"category","embeddable":true,"href":"https:\/\/rnoticias.com.mx\/Portal\/wp-json\/wp\/v2\/categories?post=234492"},{"taxonomy":"post_tag","embeddable":true,"href":"https:\/\/rnoticias.com.mx\/Portal\/wp-json\/wp\/v2\/tags?post=234492"}],"curies":[{"name":"wp","href":"https:\/\/api.w.org\/{rel}","templated":true}]}}