{"id":234483,"date":"2025-11-07T12:24:30","date_gmt":"2025-11-07T19:24:30","guid":{"rendered":"https:\/\/rnoticias.com.mx\/Portal\/?p=234483"},"modified":"2025-11-07T12:24:30","modified_gmt":"2025-11-07T19:24:30","slug":"estadio-azteca-podria-tener-a-tres-equipos-para-el-torneo-despues-del-mundial-2026","status":"publish","type":"post","link":"https:\/\/rnoticias.com.mx\/Portal\/2025\/11\/07\/estadio-azteca-podria-tener-a-tres-equipos-para-el-torneo-despues-del-mundial-2026\/","title":{"rendered":"Estadio Azteca podr\u00eda tener a tres equipos para el torneo despu\u00e9s del Mundial 2026"},"content":{"rendered":"<p>A espera de confirmaci\u00f3n oficial, el\u00a0<strong>Estadio Azteca\u00a0<\/strong>alojar\u00eda los encuentros de tres equipos del futbol mexicano tras la celebraci\u00f3n del\u00a0<strong>Mundial 2026 de la FIFA<\/strong>. Recordemos que<strong>\u00a0tanto Am\u00e9rica como Cruz Azul fungieron recientemente como locales del Coloso de Santa \u00darsula<\/strong>, sin embargo, u<strong>n equipo m\u00e1s podr\u00eda sumarse a la cartelera de este estadio.<\/strong><\/p>\n<p>Los rumores indican que la directiva del\u00a0<strong>Atlante<\/strong>, encabezada por el empresario Emilio Escalante, estar\u00eda buscando concretar su regreso a la\u00a0<strong>Liga MX<\/strong>\u00a0a toda costa. Y buscar\u00edan regresar al<strong>\u00a0Estadio Azteca<\/strong>, luego de que fuese su &#8220;hogar&#8221; por varios periodos,\u00a0<strong>tras su paso itinerante en diversos estados de la Rep\u00fablica Mexicana<\/strong>.<\/p>\n<p>De acuerdo con versiones extraoficiales los Potros del Atlante buscar\u00edan regresar a la\u00a0<strong>Primera Divisi\u00f3n de la Liga MX<\/strong>\u00a0para el\u00a0<strong>Apertura 2026\u00a0<\/strong>a trav\u00e9s de la adquisici\u00f3n de una franquicia de primera, la cual podr\u00eda ser la del\u00a0<strong>Mazatl\u00e1n FC<\/strong>, equipo se\u00f1alado por ser parte de una multipropiedad. Esto implicar\u00eda una doble mudanza, pues el club sinaloense juega en el<strong>\u00a0Estadio El Encanto<\/strong>\u00a0y actualmente los\u00a0<strong>Potros\u00a0<\/strong>disputan sus partidos de local en el\u00a0<strong>Agust\u00edn Coruco D\u00edaz.<\/strong><\/p>\n<p>En caso de que las negociaciones lleguen a buen puerto,\u00a0<strong>el anuncio podr\u00eda realizarse en la asamblea de due\u00f1os de diciembre.<\/strong><\/p>\n<p>Esto significar\u00eda el regreso del\u00a0<strong>Atlante\u00a0<\/strong>tras m\u00e1s de once a\u00f1os de no participar en la\u00a0<strong>Liga MX\u00a0<\/strong>luego de que en el torneo\u00a0<strong>Clausura 2014<\/strong>\u00a0descendiera tras perder frente a\u00a0<strong>Santos Laguna<\/strong>.<\/p>\n<p>Por el momento, habr\u00e1 que esperar a los anuncios oficiales tanto de los clubes como de la\u00a0<strong>Liga MX<\/strong>.<\/p>\n","protected":false},"excerpt":{"rendered":"<p>A espera de confirmaci\u00f3n oficial, el\u00a0Estadio Azteca\u00a0alojar\u00eda los encuentros de tres equipos del futbol mexicano tras la celebraci\u00f3n del\u00a0Mundial 2026 de la FIFA. Recordemos que\u00a0tanto Am\u00e9rica como Cruz Azul fungieron recientemente como locales del Coloso de Santa \u00darsula, sin embargo, un equipo m\u00e1s podr\u00eda sumarse a la cartelera de este estadio. Los rumores indican que [&hellip;]<\/p>\n","protected":false},"author":2,"featured_media":234484,"comment_status":"closed","ping_status":"closed","sticky":false,"template":"","format":"standard","meta":{"footnotes":""},"categories":[188,12870],"tags":[5231,12865],"class_list":["post-234483","post","type-post","status-publish","format-standard","has-post-thumbnail","hentry","category-deportes","category-destacadas","tag-deportes","tag-destacadas"],"jetpack_featured_media_url":"https:\/\/rnoticias.com.mx\/Portal\/wp-content\/uploads\/2025\/11\/El-Estadio-Azteca-cambiara-de-nombre-en-el-Mundial-2026-_-Foto_-Mexsport-770x450-1.png","amp_enabled":true,"_links":{"self":[{"href":"https:\/\/rnoticias.com.mx\/Portal\/wp-json\/wp\/v2\/posts\/234483","targetHints":{"allow":["GET"]}}],"collection":[{"href":"https:\/\/rnoticias.com.mx\/Portal\/wp-json\/wp\/v2\/posts"}],"about":[{"href":"https:\/\/rnoticias.com.mx\/Portal\/wp-json\/wp\/v2\/types\/post"}],"author":[{"embeddable":true,"href":"https:\/\/rnoticias.com.mx\/Portal\/wp-json\/wp\/v2\/users\/2"}],"replies":[{"embeddable":true,"href":"https:\/\/rnoticias.com.mx\/Portal\/wp-json\/wp\/v2\/comments?post=234483"}],"version-history":[{"count":1,"href":"https:\/\/rnoticias.com.mx\/Portal\/wp-json\/wp\/v2\/posts\/234483\/revisions"}],"predecessor-version":[{"id":234485,"href":"https:\/\/rnoticias.com.mx\/Portal\/wp-json\/wp\/v2\/posts\/234483\/revisions\/234485"}],"wp:featuredmedia":[{"embeddable":true,"href":"https:\/\/rnoticias.com.mx\/Portal\/wp-json\/wp\/v2\/media\/234484"}],"wp:attachment":[{"href":"https:\/\/rnoticias.com.mx\/Portal\/wp-json\/wp\/v2\/media?parent=234483"}],"wp:term":[{"taxonomy":"category","embeddable":true,"href":"https:\/\/rnoticias.com.mx\/Portal\/wp-json\/wp\/v2\/categories?post=234483"},{"taxonomy":"post_tag","embeddable":true,"href":"https:\/\/rnoticias.com.mx\/Portal\/wp-json\/wp\/v2\/tags?post=234483"}],"curies":[{"name":"wp","href":"https:\/\/api.w.org\/{rel}","templated":true}]}}