{"id":234480,"date":"2025-11-07T12:21:43","date_gmt":"2025-11-07T19:21:43","guid":{"rendered":"https:\/\/rnoticias.com.mx\/Portal\/?p=234480"},"modified":"2025-11-07T12:21:43","modified_gmt":"2025-11-07T19:21:43","slug":"gobierno-de-sonora-preve-el-ingreso-de-frente-frio","status":"publish","type":"post","link":"https:\/\/rnoticias.com.mx\/Portal\/2025\/11\/07\/gobierno-de-sonora-preve-el-ingreso-de-frente-frio\/","title":{"rendered":"Gobierno de Sonora prev\u00e9 el ingreso de frente fr\u00edo"},"content":{"rendered":"<table border=\"0\" width=\"100%\" cellspacing=\"0\" cellpadding=\"0\">\n<tbody>\n<tr>\n<td>\n<table class=\"m_-5973688938697821034text\" border=\"0\" width=\"100%\" cellspacing=\"0\" cellpadding=\"0\">\n<tbody>\n<tr>\n<td class=\"m_-5973688938697821034text_content-cell m_-5973688938697821034content-padding-horizontal\" align=\"left\" valign=\"top\">Hermosillo, Sonora; 7 de noviembre de 2025.- El Gobierno de Sonora, a trav\u00e9s de la Coordinaci\u00f3n Estatal de Protecci\u00f3n Civil (CEPC) en Sonora, informa que durante la noche del s\u00e1bado y las primeras horas del domingo se prev\u00e9 el ingreso de un nuevo frente fr\u00edo (n\u00famero 13) sobre el norte del pa\u00eds.<\/p>\n<p>Se espera que este sistema no ingrese al estado de Sonora, pero originar\u00e1 efectos indirectos sobre gran parte de la entidad.<\/p>\n<p>La aproximaci\u00f3n de dicho sistema podr\u00eda ocasionar un descenso marcado en las temperaturas durante este pr\u00f3ximo fin de semana.<\/p>\n<p>Los valores variar\u00e1n dependiendo de la zona, siendo la regi\u00f3n monta\u00f1osa del oriente, norte y nororiente del estado la que pudiera registrar valores cercanos a los 0 \u00b0C.<\/p>\n<p>Se espera que algunos de los municipios que registren las temperaturas m\u00e1s bajas sean Santa Cruz, Arizpe, Fronteras, Cananea, N\u00e1cori Chico, Huachinera, Bacerac, Bavispe, Sahuaripa y Y\u00e9cora.<\/p>\n<p>Para el resto del estado, las temperaturas m\u00ednimas rondar\u00edan entre los 12 \u00b0C y 17 \u00b0C.<\/p>\n<p>Por otra parte, no se esperan precipitaciones durante el paso de este fen\u00f3meno.<\/p>\n<p>Finalmente, se mantiene vigilancia sobre dos nuevos sistemas invernales, los cuales pudieran ingresar durante los d\u00edas 15 y 19 de noviembre. Estos podr\u00edan generar algunas precipitaciones, un descenso marcado en las temperaturas y rachas de viento.<\/p>\n<p>Se recomienda mantenerse abrigado ante las bajas temperaturas y los cambios bruscos de clima. En caso de cualquier emergencia, recuerda reportarla a la l\u00ednea telef\u00f3nica 9-1-1.<\/td>\n<\/tr>\n<\/tbody>\n<\/table>\n<\/td>\n<\/tr>\n<\/tbody>\n<\/table>\n<table class=\"m_-5973688938697821034image m_-5973688938697821034image--mobile-scale m_-5973688938697821034image--mobile-center\" border=\"0\" width=\"100%\" cellspacing=\"0\" cellpadding=\"0\">\n<tbody>\n<tr>\n<td class=\"m_-5973688938697821034image_container m_-5973688938697821034content-padding-horizontal\" align=\"center\" valign=\"top\"><\/td>\n<\/tr>\n<\/tbody>\n<\/table>\n","protected":false},"excerpt":{"rendered":"<p>Hermosillo, Sonora; 7 de noviembre de 2025.- El Gobierno de Sonora, a trav\u00e9s de la Coordinaci\u00f3n Estatal de Protecci\u00f3n Civil (CEPC) en Sonora, informa que durante la noche del s\u00e1bado y las primeras horas del domingo se prev\u00e9 el ingreso de un nuevo frente fr\u00edo (n\u00famero 13) sobre el norte del pa\u00eds. Se espera que [&hellip;]<\/p>\n","protected":false},"author":2,"featured_media":234481,"comment_status":"closed","ping_status":"closed","sticky":false,"template":"","format":"standard","meta":{"footnotes":""},"categories":[12870,178],"tags":[12865,12869],"class_list":["post-234480","post","type-post","status-publish","format-standard","has-post-thumbnail","hentry","category-destacadas","category-local","tag-destacadas","tag-local"],"jetpack_featured_media_url":"https:\/\/rnoticias.com.mx\/Portal\/wp-content\/uploads\/2025\/11\/unnamed-4.jpg","amp_enabled":true,"_links":{"self":[{"href":"https:\/\/rnoticias.com.mx\/Portal\/wp-json\/wp\/v2\/posts\/234480","targetHints":{"allow":["GET"]}}],"collection":[{"href":"https:\/\/rnoticias.com.mx\/Portal\/wp-json\/wp\/v2\/posts"}],"about":[{"href":"https:\/\/rnoticias.com.mx\/Portal\/wp-json\/wp\/v2\/types\/post"}],"author":[{"embeddable":true,"href":"https:\/\/rnoticias.com.mx\/Portal\/wp-json\/wp\/v2\/users\/2"}],"replies":[{"embeddable":true,"href":"https:\/\/rnoticias.com.mx\/Portal\/wp-json\/wp\/v2\/comments?post=234480"}],"version-history":[{"count":1,"href":"https:\/\/rnoticias.com.mx\/Portal\/wp-json\/wp\/v2\/posts\/234480\/revisions"}],"predecessor-version":[{"id":234482,"href":"https:\/\/rnoticias.com.mx\/Portal\/wp-json\/wp\/v2\/posts\/234480\/revisions\/234482"}],"wp:featuredmedia":[{"embeddable":true,"href":"https:\/\/rnoticias.com.mx\/Portal\/wp-json\/wp\/v2\/media\/234481"}],"wp:attachment":[{"href":"https:\/\/rnoticias.com.mx\/Portal\/wp-json\/wp\/v2\/media?parent=234480"}],"wp:term":[{"taxonomy":"category","embeddable":true,"href":"https:\/\/rnoticias.com.mx\/Portal\/wp-json\/wp\/v2\/categories?post=234480"},{"taxonomy":"post_tag","embeddable":true,"href":"https:\/\/rnoticias.com.mx\/Portal\/wp-json\/wp\/v2\/tags?post=234480"}],"curies":[{"name":"wp","href":"https:\/\/api.w.org\/{rel}","templated":true}]}}