{"id":234477,"date":"2025-11-07T12:05:57","date_gmt":"2025-11-07T19:05:57","guid":{"rendered":"https:\/\/rnoticias.com.mx\/Portal\/?p=234477"},"modified":"2025-11-07T12:05:57","modified_gmt":"2025-11-07T19:05:57","slug":"se-reabre-la-circulacion-vehicular-y-flujo-peatonal-en-la-zona-del-incendio-en-comercio-del-centro-de-hermosillo","status":"publish","type":"post","link":"https:\/\/rnoticias.com.mx\/Portal\/2025\/11\/07\/se-reabre-la-circulacion-vehicular-y-flujo-peatonal-en-la-zona-del-incendio-en-comercio-del-centro-de-hermosillo\/","title":{"rendered":"Se reabre la circulaci\u00f3n vehicular y flujo peatonal en la zona del incendio en comercio del Centro de Hermosillo"},"content":{"rendered":"<p>Hermosillo, Sonora, 7 de noviembre 2025.- La Fiscal\u00eda General de Justicia del Estado de Sonora (FGJES) informa que se ha reabierto la circulaci\u00f3n al tr\u00e1nsito vehicular y al flujo peatonal en el per\u00edmetro donde se manten\u00eda el cierre preventivo desde el d\u00eda del incendio ocurrido en la tienda Waldo\u2019s del Centro de Hermosillo.<\/p>\n<p>La escena de los hechos permanece perfectamente delimitada y bajo resguardo, garantizando que no se altere ning\u00fan indicio relevante para la investigaci\u00f3n.<\/p>\n<p>Por razones de seguridad, no se permitir\u00e1 el paso de tr\u00e1nsito pesado, camiones urbanos, tractocamiones ni camiones de carga, a fin de preservar la integridad de la zona.<\/p>\n<p>Estas acciones se realizan en coordinaci\u00f3n con el Departamento de Tr\u00e1nsito Municipal, que mantiene apoyo operativo en el \u00e1rea para ordenar la circulaci\u00f3n y salvaguardar tanto a peatones como automovilistas.<\/p>\n<p>La FGJES reitera que contin\u00faa con las investigaciones para el total esclarecimiento de los hechos.<\/p>\n","protected":false},"excerpt":{"rendered":"<p>Hermosillo, Sonora, 7 de noviembre 2025.- La Fiscal\u00eda General de Justicia del Estado de Sonora (FGJES) informa que se ha reabierto la circulaci\u00f3n al tr\u00e1nsito vehicular y al flujo peatonal en el per\u00edmetro donde se manten\u00eda el cierre preventivo desde el d\u00eda del incendio ocurrido en la tienda Waldo\u2019s del Centro de Hermosillo. La escena [&hellip;]<\/p>\n","protected":false},"author":2,"featured_media":234478,"comment_status":"closed","ping_status":"closed","sticky":false,"template":"","format":"standard","meta":{"footnotes":""},"categories":[12870,178],"tags":[12865,12869],"class_list":["post-234477","post","type-post","status-publish","format-standard","has-post-thumbnail","hentry","category-destacadas","category-local","tag-destacadas","tag-local"],"jetpack_featured_media_url":"https:\/\/rnoticias.com.mx\/Portal\/wp-content\/uploads\/2025\/11\/4f860acf-d0bf-448c-8982-60ad8fd291d0.jpeg","amp_enabled":true,"_links":{"self":[{"href":"https:\/\/rnoticias.com.mx\/Portal\/wp-json\/wp\/v2\/posts\/234477","targetHints":{"allow":["GET"]}}],"collection":[{"href":"https:\/\/rnoticias.com.mx\/Portal\/wp-json\/wp\/v2\/posts"}],"about":[{"href":"https:\/\/rnoticias.com.mx\/Portal\/wp-json\/wp\/v2\/types\/post"}],"author":[{"embeddable":true,"href":"https:\/\/rnoticias.com.mx\/Portal\/wp-json\/wp\/v2\/users\/2"}],"replies":[{"embeddable":true,"href":"https:\/\/rnoticias.com.mx\/Portal\/wp-json\/wp\/v2\/comments?post=234477"}],"version-history":[{"count":1,"href":"https:\/\/rnoticias.com.mx\/Portal\/wp-json\/wp\/v2\/posts\/234477\/revisions"}],"predecessor-version":[{"id":234479,"href":"https:\/\/rnoticias.com.mx\/Portal\/wp-json\/wp\/v2\/posts\/234477\/revisions\/234479"}],"wp:featuredmedia":[{"embeddable":true,"href":"https:\/\/rnoticias.com.mx\/Portal\/wp-json\/wp\/v2\/media\/234478"}],"wp:attachment":[{"href":"https:\/\/rnoticias.com.mx\/Portal\/wp-json\/wp\/v2\/media?parent=234477"}],"wp:term":[{"taxonomy":"category","embeddable":true,"href":"https:\/\/rnoticias.com.mx\/Portal\/wp-json\/wp\/v2\/categories?post=234477"},{"taxonomy":"post_tag","embeddable":true,"href":"https:\/\/rnoticias.com.mx\/Portal\/wp-json\/wp\/v2\/tags?post=234477"}],"curies":[{"name":"wp","href":"https:\/\/api.w.org\/{rel}","templated":true}]}}