{"id":234474,"date":"2025-11-07T11:19:37","date_gmt":"2025-11-07T18:19:37","guid":{"rendered":"https:\/\/rnoticias.com.mx\/Portal\/?p=234474"},"modified":"2025-11-07T11:19:37","modified_gmt":"2025-11-07T18:19:37","slug":"bad-bunny-domina-los-grammy-y-va-por-el-album-del-ano","status":"publish","type":"post","link":"https:\/\/rnoticias.com.mx\/Portal\/2025\/11\/07\/bad-bunny-domina-los-grammy-y-va-por-el-album-del-ano\/","title":{"rendered":"Bad Bunny domina los Grammy y va por el \u00c1lbum del A\u00f1o"},"content":{"rendered":"<p>Una semana antes de su historica presentaci\u00f3n en el show de medio tiempo del\u00a0<strong>Super Bowl 2026<\/strong>,\u00a0<strong>Bad\u00a0<\/strong>Bunny podr\u00eda llegar con un\u00a0<strong>Grammy por Mejor Album del A\u00f1o<\/strong>\u00a0bajo la manga, luego de que el artista puertorrique\u00f1o consiguiera seis nominaciones este viernes 7 de noviembre por\u00a0<i><strong>DeB\u00cd TiRAR M\u00e1S FOToS<\/strong><\/i>. Benito Ocasio est\u00e1 nominado a mejor canci\u00f3n, grabaci\u00f3n, \u00e1lbum, \u00e1lbum de m\u00fasica urbana, interpretaci\u00f3n global, portada.<\/p>\n<p>En la categor\u00eda de mejor \u00e1lbum de pop latino est\u00e1n nominados\u00a0<strong>Raw Alejandro<\/strong>\u00a0por\u00a0<i><strong>Cosa nuestra<\/strong><\/i>;\u00a0<strong>Andr\u00e9s Cepeda<\/strong>\u00a0por\u00a0<i><strong>Bogot\u00e1 Delux<\/strong><\/i>;\u00a0<strong>Karol G\u00a0<\/strong>por\u00a0<i><strong>Tropicoqueta<\/strong><\/i>;\u00a0<strong>Natalia Lafourcade<\/strong>\u00a0por\u00a0<i><strong>Cancionera<\/strong><\/i>, y\u00a0<strong>Alejandro Sanz<\/strong>\u00a0con\u00a0<i><strong>\u00bfY ahora qu\u00e9?<\/strong><\/i>.<\/p>\n<p>Al mejor \u00e1lbum de m\u00fasica urbana concurrir\u00e1n, adem\u00e1s de\u00a0<strong>Bad Bunny<\/strong>\u00a0con\u00a0<i><strong>DeB\u00cd TiRAR M\u00e1S FOToS<\/strong><\/i>,\u00a0<strong>J Balvin<\/strong>\u00a0por\u00a0<i><strong>Mixteip<\/strong><\/i>;\u00a0<strong>Sagrado Feid<\/strong>\u00a0por\u00a0<i><strong>FERXXO VOL X<\/strong><\/i>;\u00a0<strong>Nicki Nicole<\/strong>\u00a0por\u00a0<i><strong>Naiki<\/strong><\/i>;\u00a0<strong>Trueno<\/strong>\u00a0por\u00a0<i><strong>EUB DELUXE<\/strong><\/i>\u00a0y\u00a0<strong>Yandel<\/strong>\u00a0por\u00a0<i><strong>SINF\u00d3NICO (en vivo).<\/strong><\/i><\/p>\n<p>En la categor\u00eda de<strong>\u00a0mejor \u00e1lbum de rock alternativo\u00a0<\/strong>est\u00e1n nominados el grupo colombiano<strong>\u00a0Bomba Est\u00e9reo\u00a0<\/strong>y la banda venezolana\u00a0<strong>Rawayana<\/strong>, por\u00a0<i><strong>ASTROPICAL<\/strong><\/i>&#8216;;\u00a0<strong>CA7RIEL y Paco Hermoso<\/strong>\u00a0por\u00a0<i><strong>PAPOTA<\/strong><\/i>;\u00a0<strong>Los Wizzars<\/strong>\u00a0por\u00a0<i><strong>ALGORHYTHM<\/strong><\/i>\u00a0y\u00a0<strong>Fito P\u00e1ez<\/strong>\u00a0por\u00a0<i><strong>Novela<\/strong><\/i>.<\/p>\n<p>Al mejor \u00e1lbum de m\u00fasica mexicana aspiran por\u00a0<i><strong>Mala M\u00eda<\/strong><\/i>\u00a0<strong>Fuerza Regida<\/strong>\u00a0y\u00a0<strong>Grupo Frontera<\/strong>, formaci\u00f3n que repite nominaci\u00f3n en la misma categor\u00eda con\u00a0<i><strong>Y lo que viene<\/strong><\/i>. Completan la lista\u00a0<strong>Paola Jara<\/strong>, por &#8216;<i><strong>Sin rodeos<\/strong><\/i>&#8216;;\u00a0<strong>Car\u00edn Le\u00f3n\u00a0<\/strong>por &#8216;<i><strong>Palabra de To&#8217;s (Seca)<\/strong><\/i>\u00a0y\u00a0<strong>Bobby Pulido\u00a0<\/strong>por &#8216;<i><strong>Bobby Pulido &amp; Friends por &#8216;Una Tuya Y Una M\u00eda &#8211; Por La Puerta Grande (en vivo)<\/strong><\/i>&#8216;.<\/p>\n<p><i><strong>Fotograf\u00edas<\/strong><\/i>\u00a0de\u00a0<strong>Rub\u00e9n Blades y la Roberto Delgado &amp; Orquesta<\/strong>;\u00a0<i><strong>Ra\u00edces\u00a0<\/strong><\/i>de\u00a0<strong>Gloria Estefan<\/strong>;\u00a0<i><strong>Cl\u00e1sicos 1.0<\/strong><\/i>\u00a0del\u00a0<strong>Grupo Niche<\/strong>;\u00a0<i><strong>Bingo\u00a0<\/strong><\/i>de\u00a0<strong>Alain P\u00e9rez<\/strong>, y\u00a0<i><strong>Debut y Segunda Tanda, Vol. 2\u00a0<\/strong><\/i>de\u00a0<strong>Gilberto Santa Rosa<\/strong>\u00a0optar\u00e1n al mejor \u00e1lbum latino tropical.<\/p>\n<p>En la categor\u00eda de mejor \u00e1lbum musical de teatro, est\u00e1 nominado\u00a0<i><strong>Buena vista social club<\/strong><\/i>, mientras que el director de orquesta venezolano\u00a0<strong>Gustavo Dudamel\u00a0<\/strong>aspira a un Grammy en la categor\u00eda de compendio cl\u00e1sico y mejor interpretaci\u00f3n coral.<\/p>\n","protected":false},"excerpt":{"rendered":"<p>Una semana antes de su historica presentaci\u00f3n en el show de medio tiempo del\u00a0Super Bowl 2026,\u00a0Bad\u00a0Bunny podr\u00eda llegar con un\u00a0Grammy por Mejor Album del A\u00f1o\u00a0bajo la manga, luego de que el artista puertorrique\u00f1o consiguiera seis nominaciones este viernes 7 de noviembre por\u00a0DeB\u00cd TiRAR M\u00e1S FOToS. Benito Ocasio est\u00e1 nominado a mejor canci\u00f3n, grabaci\u00f3n, \u00e1lbum, \u00e1lbum [&hellip;]<\/p>\n","protected":false},"author":2,"featured_media":234475,"comment_status":"closed","ping_status":"closed","sticky":false,"template":"","format":"standard","meta":{"footnotes":""},"categories":[12870,219],"tags":[12865,12875],"class_list":["post-234474","post","type-post","status-publish","format-standard","has-post-thumbnail","hentry","category-destacadas","category-espectaculos","tag-destacadas","tag-espectaculos"],"jetpack_featured_media_url":"https:\/\/rnoticias.com.mx\/Portal\/wp-content\/uploads\/2025\/11\/cnne-1270906-bad-bunny-es-el-interprete-mas-nominado-en-los-latin-grammy-2022.jpeg","amp_enabled":true,"_links":{"self":[{"href":"https:\/\/rnoticias.com.mx\/Portal\/wp-json\/wp\/v2\/posts\/234474","targetHints":{"allow":["GET"]}}],"collection":[{"href":"https:\/\/rnoticias.com.mx\/Portal\/wp-json\/wp\/v2\/posts"}],"about":[{"href":"https:\/\/rnoticias.com.mx\/Portal\/wp-json\/wp\/v2\/types\/post"}],"author":[{"embeddable":true,"href":"https:\/\/rnoticias.com.mx\/Portal\/wp-json\/wp\/v2\/users\/2"}],"replies":[{"embeddable":true,"href":"https:\/\/rnoticias.com.mx\/Portal\/wp-json\/wp\/v2\/comments?post=234474"}],"version-history":[{"count":1,"href":"https:\/\/rnoticias.com.mx\/Portal\/wp-json\/wp\/v2\/posts\/234474\/revisions"}],"predecessor-version":[{"id":234476,"href":"https:\/\/rnoticias.com.mx\/Portal\/wp-json\/wp\/v2\/posts\/234474\/revisions\/234476"}],"wp:featuredmedia":[{"embeddable":true,"href":"https:\/\/rnoticias.com.mx\/Portal\/wp-json\/wp\/v2\/media\/234475"}],"wp:attachment":[{"href":"https:\/\/rnoticias.com.mx\/Portal\/wp-json\/wp\/v2\/media?parent=234474"}],"wp:term":[{"taxonomy":"category","embeddable":true,"href":"https:\/\/rnoticias.com.mx\/Portal\/wp-json\/wp\/v2\/categories?post=234474"},{"taxonomy":"post_tag","embeddable":true,"href":"https:\/\/rnoticias.com.mx\/Portal\/wp-json\/wp\/v2\/tags?post=234474"}],"curies":[{"name":"wp","href":"https:\/\/api.w.org\/{rel}","templated":true}]}}