{"id":234409,"date":"2025-11-06T12:20:18","date_gmt":"2025-11-06T19:20:18","guid":{"rendered":"https:\/\/rnoticias.com.mx\/Portal\/?p=234409"},"modified":"2025-11-06T12:20:18","modified_gmt":"2025-11-06T19:20:18","slug":"peru-declara-persona-non-grata-a-claudia-sheinbaum","status":"publish","type":"post","link":"https:\/\/rnoticias.com.mx\/Portal\/2025\/11\/06\/peru-declara-persona-non-grata-a-claudia-sheinbaum\/","title":{"rendered":"Per\u00fa declara &#8220;persona non grata&#8221; a Claudia Sheinbaum"},"content":{"rendered":"<p>El Congreso de\u00a0<a href=\"https:\/\/www.informador.mx\/peru-t821\" target=\"_blank\" rel=\"noopener\"><strong>Per\u00fa<\/strong><\/a>\u00a0declar\u00f3 este jueves 6 de noviembre a la Presidenta de M\u00e9xico,\u00a0<a href=\"https:\/\/www.informador.mx\/claudia-sheinbaum-t10826\" target=\"_blank\" rel=\"noopener\"><strong>Claudia Sheinbaum<\/strong><\/a>, como\u00a0<mark><strong>&#8220;persona non grata&#8221; por su &#8220;inaceptable injerencia en asuntos internos&#8221;<\/strong><\/mark>\u00a0del pa\u00eds al otorgar asilo pol\u00edtico a la exjefa de gabinete Betssy Ch\u00e1vez.<\/p>\n<p>La moci\u00f3n presentada por partidos de derecha obtuvo 63 votos a favor y 33 en contra, adem\u00e1s de dos abstenciones. El Congreso de Per\u00fa sostiene que la Mandataria mexicana mostr\u00f3 una conducta hostil hacia el pa\u00eds desde que asumi\u00f3 su cargo.<\/p>\n<p>Per\u00fa rompi\u00f3 relaciones diplom\u00e1ticas con M\u00e9xico el lunes pasado,\u00a0<mark><strong>tras el asilo otorgado a Betssy Ch\u00e1vez, procesada por el fallido golpe de Estado de diciembre de 2022 del expresidente Pedro Castillo.<\/strong><\/mark><\/p>\n<div class=\" b2\"><\/div>\n<p><strong>Ch\u00e1vez permanece asilada en la residencia de la embajada mexicana.<\/strong><\/p>\n<p>Tras la ruptura de las relaciones diplom\u00e1ticas, el presidente interino, Jos\u00e9 Jer\u00ed anunci\u00f3 en su cuenta X &#8220;que la encargada de la embajada de M\u00e9xico en\u00a0Per\u00fa, Karla Ornela, fue informada por el canciller que tiene un plazo perentorio para abandonar&#8221; el pa\u00eds.<\/p>\n<p>El\u00a0<a href=\"https:\/\/www.informador.mx\/gobierno-de-mexico-t7\" target=\"_blank\" rel=\"noopener\"><strong>Gobierno de M\u00e9xico<\/strong><\/a>\u00a0consider\u00f3 &#8220;<strong>excesiva y desproporcionada&#8221;<\/strong>\u00a0la decisi\u00f3n de Lima y defendi\u00f3 el asilo a Ch\u00e1vez como un &#8220;acto leg\u00edtimo (\u2026) y apegado a derecho internacional&#8221; que no interviene &#8220;en modo alguno&#8221; en los asuntos internos de Per\u00fa.<\/p>\n<p><mark><strong>Pese a la crisis pol\u00edtica, el comercio bilateral se mantiene.<\/strong><\/mark><\/p>\n<p>En marzo comenz\u00f3 el juicio a Ch\u00e1vez y al expresidente Pedro Castillo por el presunto delito de rebeli\u00f3n. La fiscal\u00eda pide 25 a\u00f1os de prisi\u00f3n para ella por haber participado como expresidenta del Consejo de Ministros en el presunto plan de Castillo.<\/p>\n<p><strong>Betssy Ch\u00e1vez es procesada en libertad, mientras que Pedro Castillo cumple prisi\u00f3n preventiva desde diciembre de 2022.<\/strong><\/p>\n<p>El 7 de diciembre de 2022, Castillo anunci\u00f3 su decisi\u00f3n de disolver el Congreso y convocar una Asamblea Constituyente. Ese d\u00eda iba a ser sometido a una moci\u00f3n de vacancia (destituci\u00f3n) bajo cargos de presunta corrupci\u00f3n.<\/p>\n<p>Sin respaldo militar, finalmente, Pedro Castillo fue cesado con votos de bancadas de izquierda y derecha, y detenido por la polic\u00eda cuando se dirig\u00eda con su familia a la embajada de M\u00e9xico en Lima.\u00a0Su esposa y sus dos hijos viven desde entonces asilados en ese pa\u00eds.<\/p>\n","protected":false},"excerpt":{"rendered":"<p>El Congreso de\u00a0Per\u00fa\u00a0declar\u00f3 este jueves 6 de noviembre a la Presidenta de M\u00e9xico,\u00a0Claudia Sheinbaum, como\u00a0&#8220;persona non grata&#8221; por su &#8220;inaceptable injerencia en asuntos internos&#8221;\u00a0del pa\u00eds al otorgar asilo pol\u00edtico a la exjefa de gabinete Betssy Ch\u00e1vez. La moci\u00f3n presentada por partidos de derecha obtuvo 63 votos a favor y 33 en contra, adem\u00e1s de dos [&hellip;]<\/p>\n","protected":false},"author":2,"featured_media":234410,"comment_status":"closed","ping_status":"closed","sticky":false,"template":"","format":"standard","meta":{"footnotes":""},"categories":[12870,182],"tags":[12865,12871],"class_list":["post-234409","post","type-post","status-publish","format-standard","has-post-thumbnail","hentry","category-destacadas","category-internacional","tag-destacadas","tag-internacional"],"jetpack_featured_media_url":"https:\/\/rnoticias.com.mx\/Portal\/wp-content\/uploads\/2025\/11\/sheinbaum-acoso-900x600-1.webp","amp_enabled":true,"_links":{"self":[{"href":"https:\/\/rnoticias.com.mx\/Portal\/wp-json\/wp\/v2\/posts\/234409","targetHints":{"allow":["GET"]}}],"collection":[{"href":"https:\/\/rnoticias.com.mx\/Portal\/wp-json\/wp\/v2\/posts"}],"about":[{"href":"https:\/\/rnoticias.com.mx\/Portal\/wp-json\/wp\/v2\/types\/post"}],"author":[{"embeddable":true,"href":"https:\/\/rnoticias.com.mx\/Portal\/wp-json\/wp\/v2\/users\/2"}],"replies":[{"embeddable":true,"href":"https:\/\/rnoticias.com.mx\/Portal\/wp-json\/wp\/v2\/comments?post=234409"}],"version-history":[{"count":1,"href":"https:\/\/rnoticias.com.mx\/Portal\/wp-json\/wp\/v2\/posts\/234409\/revisions"}],"predecessor-version":[{"id":234411,"href":"https:\/\/rnoticias.com.mx\/Portal\/wp-json\/wp\/v2\/posts\/234409\/revisions\/234411"}],"wp:featuredmedia":[{"embeddable":true,"href":"https:\/\/rnoticias.com.mx\/Portal\/wp-json\/wp\/v2\/media\/234410"}],"wp:attachment":[{"href":"https:\/\/rnoticias.com.mx\/Portal\/wp-json\/wp\/v2\/media?parent=234409"}],"wp:term":[{"taxonomy":"category","embeddable":true,"href":"https:\/\/rnoticias.com.mx\/Portal\/wp-json\/wp\/v2\/categories?post=234409"},{"taxonomy":"post_tag","embeddable":true,"href":"https:\/\/rnoticias.com.mx\/Portal\/wp-json\/wp\/v2\/tags?post=234409"}],"curies":[{"name":"wp","href":"https:\/\/api.w.org\/{rel}","templated":true}]}}