{"id":234391,"date":"2025-11-06T10:23:21","date_gmt":"2025-11-06T17:23:21","guid":{"rendered":"https:\/\/rnoticias.com.mx\/Portal\/?p=234391"},"modified":"2025-11-06T10:23:21","modified_gmt":"2025-11-06T17:23:21","slug":"fgjes-formula-imputacion-y-obtiene-prision-preventiva-justificada-para-jesus-n-por-feminicidio","status":"publish","type":"post","link":"https:\/\/rnoticias.com.mx\/Portal\/2025\/11\/06\/fgjes-formula-imputacion-y-obtiene-prision-preventiva-justificada-para-jesus-n-por-feminicidio\/","title":{"rendered":"FGJES formula imputaci\u00f3n y obtiene prisi\u00f3n preventiva justificada para Jes\u00fas \u201cN\u201d por feminicidio"},"content":{"rendered":"<p>Etchojoa, Sonora, 6 de noviembre de 2025.- La Fiscal\u00eda General de Justicia del Estado de Sonora (FGJES) formul\u00f3 imputaci\u00f3n en contra de Jes\u00fas \u201cN\u201d, de 42 a\u00f1os, por su probable responsabilidad en el delito de feminicidio en perjuicio de Guadalupe Airam \u201cN\u201d.<\/p>\n<p>Durante la audiencia inicial, una vez ejecutada la orden de aprehensi\u00f3n que pesaba en su contra, la representaci\u00f3n social logr\u00f3 que el Juez de Control dictara como medida cautelar la prisi\u00f3n preventiva justificada, garantizando as\u00ed que el imputado permanezca recluido en tanto se resuelve su situaci\u00f3n legal.<\/p>\n<p>Los hechos que se le imputan al activo se refieren a la privaci\u00f3n de la vida de su ex pareja, hechos ocurridos el pasado lunes en un domicilio de la comunidad de La Loma, perteneciente a la comisar\u00eda de San Pedro Nuevo, en el municipio de Etchojoa.<\/p>\n<p>Si bien la defensa del imputado opt\u00f3 por solicitar la ampliaci\u00f3n del t\u00e9rmino constitucional para la resoluci\u00f3n de la solicitud de vinculaci\u00f3n a proceso presentada por la Fiscal\u00eda, la cual se determinar\u00e1 a las 12:30 horas del pr\u00f3ximo s\u00e1bado 8 de noviembre de 2025, la imposici\u00f3n de la medida cautelar de prisi\u00f3n preventiva asegura que la persona se\u00f1alada no evada la acci\u00f3n de la justicia, salvaguardando la integridad del proceso penal.<\/p>\n<p>La Fiscal\u00eda General de Justicia del Estado de Sonora (FGJES) reitera su compromiso inquebrantable con el combate frontal a la impunidad, especialmente en aquellos delitos que atentan contra la vida de las mujeres.<\/p>\n","protected":false},"excerpt":{"rendered":"<p>Etchojoa, Sonora, 6 de noviembre de 2025.- La Fiscal\u00eda General de Justicia del Estado de Sonora (FGJES) formul\u00f3 imputaci\u00f3n en contra de Jes\u00fas \u201cN\u201d, de 42 a\u00f1os, por su probable responsabilidad en el delito de feminicidio en perjuicio de Guadalupe Airam \u201cN\u201d. Durante la audiencia inicial, una vez ejecutada la orden de aprehensi\u00f3n que pesaba [&hellip;]<\/p>\n","protected":false},"author":2,"featured_media":234392,"comment_status":"closed","ping_status":"closed","sticky":false,"template":"","format":"standard","meta":{"footnotes":""},"categories":[12870,174],"tags":[12865,12873],"class_list":["post-234391","post","type-post","status-publish","format-standard","has-post-thumbnail","hentry","category-destacadas","category-estatal","tag-destacadas","tag-estatal"],"jetpack_featured_media_url":"https:\/\/rnoticias.com.mx\/Portal\/wp-content\/uploads\/2025\/11\/fef00840-42cb-427a-a4fc-96192b88c114.jpeg","amp_enabled":true,"_links":{"self":[{"href":"https:\/\/rnoticias.com.mx\/Portal\/wp-json\/wp\/v2\/posts\/234391","targetHints":{"allow":["GET"]}}],"collection":[{"href":"https:\/\/rnoticias.com.mx\/Portal\/wp-json\/wp\/v2\/posts"}],"about":[{"href":"https:\/\/rnoticias.com.mx\/Portal\/wp-json\/wp\/v2\/types\/post"}],"author":[{"embeddable":true,"href":"https:\/\/rnoticias.com.mx\/Portal\/wp-json\/wp\/v2\/users\/2"}],"replies":[{"embeddable":true,"href":"https:\/\/rnoticias.com.mx\/Portal\/wp-json\/wp\/v2\/comments?post=234391"}],"version-history":[{"count":1,"href":"https:\/\/rnoticias.com.mx\/Portal\/wp-json\/wp\/v2\/posts\/234391\/revisions"}],"predecessor-version":[{"id":234393,"href":"https:\/\/rnoticias.com.mx\/Portal\/wp-json\/wp\/v2\/posts\/234391\/revisions\/234393"}],"wp:featuredmedia":[{"embeddable":true,"href":"https:\/\/rnoticias.com.mx\/Portal\/wp-json\/wp\/v2\/media\/234392"}],"wp:attachment":[{"href":"https:\/\/rnoticias.com.mx\/Portal\/wp-json\/wp\/v2\/media?parent=234391"}],"wp:term":[{"taxonomy":"category","embeddable":true,"href":"https:\/\/rnoticias.com.mx\/Portal\/wp-json\/wp\/v2\/categories?post=234391"},{"taxonomy":"post_tag","embeddable":true,"href":"https:\/\/rnoticias.com.mx\/Portal\/wp-json\/wp\/v2\/tags?post=234391"}],"curies":[{"name":"wp","href":"https:\/\/api.w.org\/{rel}","templated":true}]}}