{"id":234388,"date":"2025-11-06T10:22:03","date_gmt":"2025-11-06T17:22:03","guid":{"rendered":"https:\/\/rnoticias.com.mx\/Portal\/?p=234388"},"modified":"2025-11-06T10:22:03","modified_gmt":"2025-11-06T17:22:03","slug":"en-cateo-autorizado-se-realiza-hallazgo-de-osamenta-en-inmueble-en-hermosillo","status":"publish","type":"post","link":"https:\/\/rnoticias.com.mx\/Portal\/2025\/11\/06\/en-cateo-autorizado-se-realiza-hallazgo-de-osamenta-en-inmueble-en-hermosillo\/","title":{"rendered":"En cateo autorizado se realiza hallazgo de osamenta en inmueble en Hermosillo"},"content":{"rendered":"<p>Hermosillo, Sonora, 6 de noviembre de 2025.- La Fiscal\u00eda General de Justicia del Estado de Sonora (FGJES) informa que, en seguimiento a las investigaciones por un caso de privaci\u00f3n ilegal de la libertad, se realiz\u00f3 un cateo en la colonia Carmen Serd\u00e1n que result\u00f3 en el hallazgo de una osamenta.<\/p>\n<p>La diligencia judicial se llev\u00f3 a cabo el 5 de noviembre de 2025, iniciando a las 16:05 horas, en un domicilio ubicado en las calles Granados, entre Olivares y L\u00f3pez del Castillo.<\/p>\n<p>El cateo fue realizado en coordinaci\u00f3n con el Agente del Ministerio P\u00fablico, la Agencia Ministerial de Investigaci\u00f3n Criminal (AMIC) y la Comisi\u00f3n Estatal de B\u00fasqueda.<\/p>\n<p>Como parte de la b\u00fasqueda de indicios relacionados se utilizaron herramientas de excavaci\u00f3n en diferentes puntos del predio, el hallazgo se concret\u00f3 en la parte poniente del acceso frontal, aproximadamente a cinco metros de la entrada, donde se localiz\u00f3 la osamenta, la cual se encontraba casi en su totalidad envuelta en pl\u00e1stico de color negro y cubierta con tierra y basura.<\/p>\n<p>La osamenta fue recuperada por personal pericial para ser trasladada al Laboratorio de Inteligencia Cient\u00edfica Forense (CIF) de la Fiscal\u00eda, donde se realizar\u00e1n los estudios de antropolog\u00eda forense y gen\u00e9tica correspondientes para determinar su sexo, edad y, prioritariamente, establecer su identidad.<\/p>\n<p>La FGJES reitera su compromiso de continuar con las investigaciones para esclarecer los hechos y llevar ante la justicia a los probables responsables.<\/p>\n","protected":false},"excerpt":{"rendered":"<p>Hermosillo, Sonora, 6 de noviembre de 2025.- La Fiscal\u00eda General de Justicia del Estado de Sonora (FGJES) informa que, en seguimiento a las investigaciones por un caso de privaci\u00f3n ilegal de la libertad, se realiz\u00f3 un cateo en la colonia Carmen Serd\u00e1n que result\u00f3 en el hallazgo de una osamenta. La diligencia judicial se llev\u00f3 [&hellip;]<\/p>\n","protected":false},"author":2,"featured_media":234389,"comment_status":"closed","ping_status":"closed","sticky":false,"template":"","format":"standard","meta":{"footnotes":""},"categories":[12870,178],"tags":[12865,12869],"class_list":["post-234388","post","type-post","status-publish","format-standard","has-post-thumbnail","hentry","category-destacadas","category-local","tag-destacadas","tag-local"],"jetpack_featured_media_url":"https:\/\/rnoticias.com.mx\/Portal\/wp-content\/uploads\/2025\/11\/WhatsApp-Image-2025-11-06-at-8.46.09-AM.jpeg","amp_enabled":true,"_links":{"self":[{"href":"https:\/\/rnoticias.com.mx\/Portal\/wp-json\/wp\/v2\/posts\/234388","targetHints":{"allow":["GET"]}}],"collection":[{"href":"https:\/\/rnoticias.com.mx\/Portal\/wp-json\/wp\/v2\/posts"}],"about":[{"href":"https:\/\/rnoticias.com.mx\/Portal\/wp-json\/wp\/v2\/types\/post"}],"author":[{"embeddable":true,"href":"https:\/\/rnoticias.com.mx\/Portal\/wp-json\/wp\/v2\/users\/2"}],"replies":[{"embeddable":true,"href":"https:\/\/rnoticias.com.mx\/Portal\/wp-json\/wp\/v2\/comments?post=234388"}],"version-history":[{"count":1,"href":"https:\/\/rnoticias.com.mx\/Portal\/wp-json\/wp\/v2\/posts\/234388\/revisions"}],"predecessor-version":[{"id":234390,"href":"https:\/\/rnoticias.com.mx\/Portal\/wp-json\/wp\/v2\/posts\/234388\/revisions\/234390"}],"wp:featuredmedia":[{"embeddable":true,"href":"https:\/\/rnoticias.com.mx\/Portal\/wp-json\/wp\/v2\/media\/234389"}],"wp:attachment":[{"href":"https:\/\/rnoticias.com.mx\/Portal\/wp-json\/wp\/v2\/media?parent=234388"}],"wp:term":[{"taxonomy":"category","embeddable":true,"href":"https:\/\/rnoticias.com.mx\/Portal\/wp-json\/wp\/v2\/categories?post=234388"},{"taxonomy":"post_tag","embeddable":true,"href":"https:\/\/rnoticias.com.mx\/Portal\/wp-json\/wp\/v2\/tags?post=234388"}],"curies":[{"name":"wp","href":"https:\/\/api.w.org\/{rel}","templated":true}]}}