{"id":234379,"date":"2025-11-06T09:46:47","date_gmt":"2025-11-06T16:46:47","guid":{"rendered":"https:\/\/rnoticias.com.mx\/Portal\/?p=234379"},"modified":"2025-11-06T09:46:47","modified_gmt":"2025-11-06T16:46:47","slug":"robos-al-transporte-de-carga-podrian-subir-hasta-17-por-buen-fin-y-temporada-navidena","status":"publish","type":"post","link":"https:\/\/rnoticias.com.mx\/Portal\/2025\/11\/06\/robos-al-transporte-de-carga-podrian-subir-hasta-17-por-buen-fin-y-temporada-navidena\/","title":{"rendered":"Robos al transporte de carga podr\u00edan subir hasta 17% por Buen Fin y temporada navide\u00f1a"},"content":{"rendered":"<p>La\u00a0<strong>Asociaci\u00f3n Nacional de Empresas de Rastreo y Protecci\u00f3n Vehicular<\/strong>\u00a0(Anerpv) prev\u00e9 que, la temporada del\u00a0<strong>Buen Fin<\/strong>, los\u00a0<strong>robos al transporte de carga<\/strong>\u00a0en carreteras y centros de distribuci\u00f3n pueden llegar a registrar entre 10 y 17 por ciento.<\/p>\n<p>A trav\u00e9s de un comunicado, el director de la Anerpv, Luis Villatoro, explic\u00f3 que el repunte temporal de la incidencia de estos delitos se debe al mayor volumen en el\u00a0<strong>movimiento de mercanc\u00edas<\/strong>\u00a0por la temporada de ventas del programa de descuentos, pues ya ha sucedido \u201cen las temporadas anteriores de ventas por El Buen Fin y ventas decembrinas&#8221;.<\/p>\n<p>No obstante, Villatoro destac\u00f3 que la \u201ctendencia se revierte una vez concluido el periodo que en esta ocasi\u00f3n se extender\u00e1 por cinco d\u00edas y acabar\u00e1 el 17 de noviembre&#8221;, aunque vuelve a repuntar a mediados de\u00a0<strong>diciembre<\/strong>. Esta situaci\u00f3n, menciona, tambi\u00e9n ocurre en operaciones de\u00a0<strong>\u00faltima milla de veh\u00edculos de reparto<\/strong>\u00a0y no solamente en carreteras.<\/p>\n<p>La Anerpv se\u00f1al\u00f3 que entre los productos m\u00e1s buscados por la\u00a0<strong>delincuencia<\/strong>\u00a0en esta temporada, se encuentran los equipos electr\u00f3nicos, ropa, calzado y tambi\u00e9n aparatos electrodom\u00e9sticos.<\/p>\n<p>&nbsp;<\/p>\n<p>Fuente: milenio<\/p>\n","protected":false},"excerpt":{"rendered":"<p>La\u00a0Asociaci\u00f3n Nacional de Empresas de Rastreo y Protecci\u00f3n Vehicular\u00a0(Anerpv) prev\u00e9 que, la temporada del\u00a0Buen Fin, los\u00a0robos al transporte de carga\u00a0en carreteras y centros de distribuci\u00f3n pueden llegar a registrar entre 10 y 17 por ciento. A trav\u00e9s de un comunicado, el director de la Anerpv, Luis Villatoro, explic\u00f3 que el repunte temporal de la incidencia [&hellip;]<\/p>\n","protected":false},"author":2,"featured_media":234380,"comment_status":"closed","ping_status":"closed","sticky":false,"template":"","format":"standard","meta":{"footnotes":""},"categories":[12870,172],"tags":[12865,12874],"class_list":["post-234379","post","type-post","status-publish","format-standard","has-post-thumbnail","hentry","category-destacadas","category-nacional","tag-destacadas","tag-nacional"],"jetpack_featured_media_url":"https:\/\/rnoticias.com.mx\/Portal\/wp-content\/uploads\/2025\/11\/ImageTransformer.jpeg","amp_enabled":true,"_links":{"self":[{"href":"https:\/\/rnoticias.com.mx\/Portal\/wp-json\/wp\/v2\/posts\/234379","targetHints":{"allow":["GET"]}}],"collection":[{"href":"https:\/\/rnoticias.com.mx\/Portal\/wp-json\/wp\/v2\/posts"}],"about":[{"href":"https:\/\/rnoticias.com.mx\/Portal\/wp-json\/wp\/v2\/types\/post"}],"author":[{"embeddable":true,"href":"https:\/\/rnoticias.com.mx\/Portal\/wp-json\/wp\/v2\/users\/2"}],"replies":[{"embeddable":true,"href":"https:\/\/rnoticias.com.mx\/Portal\/wp-json\/wp\/v2\/comments?post=234379"}],"version-history":[{"count":1,"href":"https:\/\/rnoticias.com.mx\/Portal\/wp-json\/wp\/v2\/posts\/234379\/revisions"}],"predecessor-version":[{"id":234381,"href":"https:\/\/rnoticias.com.mx\/Portal\/wp-json\/wp\/v2\/posts\/234379\/revisions\/234381"}],"wp:featuredmedia":[{"embeddable":true,"href":"https:\/\/rnoticias.com.mx\/Portal\/wp-json\/wp\/v2\/media\/234380"}],"wp:attachment":[{"href":"https:\/\/rnoticias.com.mx\/Portal\/wp-json\/wp\/v2\/media?parent=234379"}],"wp:term":[{"taxonomy":"category","embeddable":true,"href":"https:\/\/rnoticias.com.mx\/Portal\/wp-json\/wp\/v2\/categories?post=234379"},{"taxonomy":"post_tag","embeddable":true,"href":"https:\/\/rnoticias.com.mx\/Portal\/wp-json\/wp\/v2\/tags?post=234379"}],"curies":[{"name":"wp","href":"https:\/\/api.w.org\/{rel}","templated":true}]}}