{"id":234360,"date":"2025-11-05T19:24:43","date_gmt":"2025-11-06T02:24:43","guid":{"rendered":"https:\/\/rnoticias.com.mx\/Portal\/?p=234360"},"modified":"2025-11-05T19:24:43","modified_gmt":"2025-11-06T02:24:43","slug":"reciben-bomberos-de-hermosillo-apoyo-emocional-tras-caso-de-incendio-en-waldos","status":"publish","type":"post","link":"https:\/\/rnoticias.com.mx\/Portal\/2025\/11\/05\/reciben-bomberos-de-hermosillo-apoyo-emocional-tras-caso-de-incendio-en-waldos\/","title":{"rendered":"Reciben bomberos de Hermosillo apoyo emocional tras caso de incendio en Waldos"},"content":{"rendered":"<p>Hermosillo, Sonora. Los bomberos que atendieron el incendio en la tienda Waldo\u2019s, ubicada en el centro de Hermosillo, reciben acompa\u00f1amiento psicol\u00f3gico para evaluar posibles afectaciones emocionales tras la emergencia.<\/p>\n<p>&nbsp;<\/p>\n<p>Jes\u00fas Fierros, secretario general del sindicato, inform\u00f3 que cada elemento se le da seguimiento individual, adem\u00e1s de otorgarles d\u00edas de descanso para que puedan convivir con sus familias y recuperar estabilidad.<\/p>\n<p>&nbsp;<\/p>\n<p>\u201cExperiencias como la registrada pueden generar estr\u00e9s acumulado y, si no se atienden oportunamente, derivar en problemas de salud mental\u201d, dijo.<\/p>\n<p>&nbsp;<\/p>\n<p>A\u00f1adi\u00f3, que uno de los bomberos tuvo que ser trasladado al hospital durante la atenci\u00f3n del siniestro y recibi\u00f3 tratamiento terap\u00e9utico inmediato.<\/p>\n<p>&nbsp;<\/p>\n<p>Finalmente, mencion\u00f3 que los elementos que estuvieron m\u00e1s expuestos en ese incendio, continuar\u00e1n bajo observaci\u00f3n y retomar\u00e1n sus labores \u00fanicamente cuando se determine que se encuentran recuperados.<\/p>\n<p>&nbsp;<\/p>\n","protected":false},"excerpt":{"rendered":"<p>Hermosillo, Sonora. Los bomberos que atendieron el incendio en la tienda Waldo\u2019s, ubicada en el centro de Hermosillo, reciben acompa\u00f1amiento psicol\u00f3gico para evaluar posibles afectaciones emocionales tras la emergencia. &nbsp; Jes\u00fas Fierros, secretario general del sindicato, inform\u00f3 que cada elemento se le da seguimiento individual, adem\u00e1s de otorgarles d\u00edas de descanso para que puedan convivir [&hellip;]<\/p>\n","protected":false},"author":2,"featured_media":234361,"comment_status":"closed","ping_status":"closed","sticky":false,"template":"","format":"standard","meta":{"footnotes":""},"categories":[12870,178],"tags":[12865,12869],"class_list":["post-234360","post","type-post","status-publish","format-standard","has-post-thumbnail","hentry","category-destacadas","category-local","tag-destacadas","tag-local"],"jetpack_featured_media_url":"https:\/\/rnoticias.com.mx\/Portal\/wp-content\/uploads\/2025\/11\/image.webp","amp_enabled":true,"_links":{"self":[{"href":"https:\/\/rnoticias.com.mx\/Portal\/wp-json\/wp\/v2\/posts\/234360","targetHints":{"allow":["GET"]}}],"collection":[{"href":"https:\/\/rnoticias.com.mx\/Portal\/wp-json\/wp\/v2\/posts"}],"about":[{"href":"https:\/\/rnoticias.com.mx\/Portal\/wp-json\/wp\/v2\/types\/post"}],"author":[{"embeddable":true,"href":"https:\/\/rnoticias.com.mx\/Portal\/wp-json\/wp\/v2\/users\/2"}],"replies":[{"embeddable":true,"href":"https:\/\/rnoticias.com.mx\/Portal\/wp-json\/wp\/v2\/comments?post=234360"}],"version-history":[{"count":1,"href":"https:\/\/rnoticias.com.mx\/Portal\/wp-json\/wp\/v2\/posts\/234360\/revisions"}],"predecessor-version":[{"id":234362,"href":"https:\/\/rnoticias.com.mx\/Portal\/wp-json\/wp\/v2\/posts\/234360\/revisions\/234362"}],"wp:featuredmedia":[{"embeddable":true,"href":"https:\/\/rnoticias.com.mx\/Portal\/wp-json\/wp\/v2\/media\/234361"}],"wp:attachment":[{"href":"https:\/\/rnoticias.com.mx\/Portal\/wp-json\/wp\/v2\/media?parent=234360"}],"wp:term":[{"taxonomy":"category","embeddable":true,"href":"https:\/\/rnoticias.com.mx\/Portal\/wp-json\/wp\/v2\/categories?post=234360"},{"taxonomy":"post_tag","embeddable":true,"href":"https:\/\/rnoticias.com.mx\/Portal\/wp-json\/wp\/v2\/tags?post=234360"}],"curies":[{"name":"wp","href":"https:\/\/api.w.org\/{rel}","templated":true}]}}