{"id":234345,"date":"2025-11-05T16:09:44","date_gmt":"2025-11-05T23:09:44","guid":{"rendered":"https:\/\/rnoticias.com.mx\/Portal\/?p=234345"},"modified":"2025-11-05T16:09:44","modified_gmt":"2025-11-05T23:09:44","slug":"separa-alcalde-de-hermosillo-a-titular-de-pc-por-caso-waldos","status":"publish","type":"post","link":"https:\/\/rnoticias.com.mx\/Portal\/2025\/11\/05\/separa-alcalde-de-hermosillo-a-titular-de-pc-por-caso-waldos\/","title":{"rendered":"Separa Alcalde de Hermosillo a titular de PC por caso Waldos"},"content":{"rendered":"<p>Hermosillo, Sonora. El alcalde de Hermosillo, Antonio Astiazar\u00e1n Guti\u00e9rrez, anunci\u00f3 la separaci\u00f3n del cargo de Fernando Morales Flores, titular de la Coordinaci\u00f3n Municipal de Protecci\u00f3n Civil, tras la explosi\u00f3n ocurrida el pasado fin de semana en el centro de la ciudad, que dej\u00f3 un saldo de v\u00edctimas fatales y heridos.<\/p>\n<p>El presidente municipal explic\u00f3 que esta decisi\u00f3n busca garantizar la transparencia y permitir que Morales Flores colabore desde un espacio de neutralidad con las investigaciones que lleva a cabo la Fiscal\u00eda General del Estado.<\/p>\n<p>&nbsp;<\/p>\n<p>\u201cConfiamos en que se llegar\u00e1 hasta las \u00faltimas consecuencias, lo merecen las familias y lo merece nuestra ciudad\u201d, expres\u00f3.<\/p>\n<p>Astiazar\u00e1n reiter\u00f3 que el Gobierno Municipal mantiene una estrecha coordinaci\u00f3n con el Gobierno del Estado para atender a las v\u00edctimas y a sus familiares, ofreciendo todo el apoyo institucional necesario.<\/p>\n<p>Asimismo, reconoci\u00f3 el esfuerzo y compromiso de los cuerpos de emergencia que participaron en la atenci\u00f3n del siniestro, entre ellos Bomberos de Hermosillo, Polic\u00eda Municipal, Cruz Roja, DIF y personal de salud.<\/p>\n<p>&nbsp;<\/p>\n<p>por \u00faltimo, subray\u00f3 que, pese al dolor que ha causado esta tragedia, Hermosillo se mantiene unido en solidaridad y fortaleza.<\/p>\n","protected":false},"excerpt":{"rendered":"<p>Hermosillo, Sonora. El alcalde de Hermosillo, Antonio Astiazar\u00e1n Guti\u00e9rrez, anunci\u00f3 la separaci\u00f3n del cargo de Fernando Morales Flores, titular de la Coordinaci\u00f3n Municipal de Protecci\u00f3n Civil, tras la explosi\u00f3n ocurrida el pasado fin de semana en el centro de la ciudad, que dej\u00f3 un saldo de v\u00edctimas fatales y heridos. El presidente municipal explic\u00f3 que [&hellip;]<\/p>\n","protected":false},"author":2,"featured_media":234346,"comment_status":"closed","ping_status":"closed","sticky":false,"template":"","format":"standard","meta":{"footnotes":""},"categories":[12870,178],"tags":[12865,12869],"class_list":["post-234345","post","type-post","status-publish","format-standard","has-post-thumbnail","hentry","category-destacadas","category-local","tag-destacadas","tag-local"],"jetpack_featured_media_url":"https:\/\/rnoticias.com.mx\/Portal\/wp-content\/uploads\/2025\/11\/7da52914-f284-4028-ad82-8dbbac9c4b00.jpeg","amp_enabled":true,"_links":{"self":[{"href":"https:\/\/rnoticias.com.mx\/Portal\/wp-json\/wp\/v2\/posts\/234345","targetHints":{"allow":["GET"]}}],"collection":[{"href":"https:\/\/rnoticias.com.mx\/Portal\/wp-json\/wp\/v2\/posts"}],"about":[{"href":"https:\/\/rnoticias.com.mx\/Portal\/wp-json\/wp\/v2\/types\/post"}],"author":[{"embeddable":true,"href":"https:\/\/rnoticias.com.mx\/Portal\/wp-json\/wp\/v2\/users\/2"}],"replies":[{"embeddable":true,"href":"https:\/\/rnoticias.com.mx\/Portal\/wp-json\/wp\/v2\/comments?post=234345"}],"version-history":[{"count":1,"href":"https:\/\/rnoticias.com.mx\/Portal\/wp-json\/wp\/v2\/posts\/234345\/revisions"}],"predecessor-version":[{"id":234347,"href":"https:\/\/rnoticias.com.mx\/Portal\/wp-json\/wp\/v2\/posts\/234345\/revisions\/234347"}],"wp:featuredmedia":[{"embeddable":true,"href":"https:\/\/rnoticias.com.mx\/Portal\/wp-json\/wp\/v2\/media\/234346"}],"wp:attachment":[{"href":"https:\/\/rnoticias.com.mx\/Portal\/wp-json\/wp\/v2\/media?parent=234345"}],"wp:term":[{"taxonomy":"category","embeddable":true,"href":"https:\/\/rnoticias.com.mx\/Portal\/wp-json\/wp\/v2\/categories?post=234345"},{"taxonomy":"post_tag","embeddable":true,"href":"https:\/\/rnoticias.com.mx\/Portal\/wp-json\/wp\/v2\/tags?post=234345"}],"curies":[{"name":"wp","href":"https:\/\/api.w.org\/{rel}","templated":true}]}}