{"id":234336,"date":"2025-11-05T15:59:56","date_gmt":"2025-11-05T22:59:56","guid":{"rendered":"https:\/\/rnoticias.com.mx\/Portal\/?p=234336"},"modified":"2025-11-05T15:59:56","modified_gmt":"2025-11-05T22:59:56","slug":"impulsan-en-sonora-nuevas-alianzas-industriales-con-reactivacion-de-expo-de-negocios","status":"publish","type":"post","link":"https:\/\/rnoticias.com.mx\/Portal\/2025\/11\/05\/impulsan-en-sonora-nuevas-alianzas-industriales-con-reactivacion-de-expo-de-negocios\/","title":{"rendered":"Impulsan en Sonora nuevas alianzas industriales con reactivaci\u00f3n de Expo de Negocios"},"content":{"rendered":"<p>Hermosillo, Sonora. La C\u00e1mara Nacional de la Industria de la Transformaci\u00f3n (Canacintra) Hermosillo puso en marcha la Expo Encuentro de Negocios 2025, un evento que regresa despu\u00e9s de seis a\u00f1os y que busca crear nuevas oportunidades de colaboraci\u00f3n entre empresas, instituciones educativas y organismos p\u00fablicos.<\/p>\n<p>&nbsp;<\/p>\n<p>El presidente del organismo, Juan \u00c1lvaro Corral Aguirre, se\u00f1al\u00f3 que la edici\u00f3n de este a\u00f1o se celebra en el marco del 80 aniversario de Canacintra Hermosillo, destacando su papel en la consolidaci\u00f3n del sector industrial y la formaci\u00f3n de talento en la regi\u00f3n.<\/p>\n<p>&nbsp;<\/p>\n<p>\u201cA lo largo de estas ocho d\u00e9cadas, Canacintra Hermosillo ha sido protagonista en iniciativas que impulsan la econom\u00eda local y promueven el crecimiento de la industria\u201d, expres\u00f3.<\/p>\n<p>&nbsp;<\/p>\n<p>Record\u00f3 que actividades como la Expo Industrial, la Expo Empleo y anteriores encuentros empresariales han contribuido a fortalecer el ecosistema productivo sonorense.<\/p>\n<p>&nbsp;<\/p>\n<p>La expo reunir\u00e1 a m\u00e1s de 3 mil asistentes y cientos de empresas que participar\u00e1n en ruedas de negocio, presentaciones y espacios de vinculaci\u00f3n, bajo el lema \u201cHagamos Conexiones\u201d, con la intenci\u00f3n de promover el desarrollo econ\u00f3mico y la competitividad en Sonora.<\/p>\n<p>&nbsp;<\/p>\n<p>Finalmente, durante el evento inaugural, Corral Aguirre hizo un llamado a la uni\u00f3n y la solidaridad, y solicit\u00f3 un minuto de silencio por las v\u00edctimas de los hechos ocurridos recientemente en el centro de Hermosillo.<\/p>\n","protected":false},"excerpt":{"rendered":"<p>Hermosillo, Sonora. La C\u00e1mara Nacional de la Industria de la Transformaci\u00f3n (Canacintra) Hermosillo puso en marcha la Expo Encuentro de Negocios 2025, un evento que regresa despu\u00e9s de seis a\u00f1os y que busca crear nuevas oportunidades de colaboraci\u00f3n entre empresas, instituciones educativas y organismos p\u00fablicos. &nbsp; El presidente del organismo, Juan \u00c1lvaro Corral Aguirre, se\u00f1al\u00f3 [&hellip;]<\/p>\n","protected":false},"author":2,"featured_media":234337,"comment_status":"closed","ping_status":"closed","sticky":false,"template":"","format":"standard","meta":{"footnotes":""},"categories":[12870,178],"tags":[12865,12869],"class_list":["post-234336","post","type-post","status-publish","format-standard","has-post-thumbnail","hentry","category-destacadas","category-local","tag-destacadas","tag-local"],"jetpack_featured_media_url":"https:\/\/rnoticias.com.mx\/Portal\/wp-content\/uploads\/2025\/11\/122252f5-d05a-42e0-83f8-f5c7224a834d.jpeg","amp_enabled":true,"_links":{"self":[{"href":"https:\/\/rnoticias.com.mx\/Portal\/wp-json\/wp\/v2\/posts\/234336","targetHints":{"allow":["GET"]}}],"collection":[{"href":"https:\/\/rnoticias.com.mx\/Portal\/wp-json\/wp\/v2\/posts"}],"about":[{"href":"https:\/\/rnoticias.com.mx\/Portal\/wp-json\/wp\/v2\/types\/post"}],"author":[{"embeddable":true,"href":"https:\/\/rnoticias.com.mx\/Portal\/wp-json\/wp\/v2\/users\/2"}],"replies":[{"embeddable":true,"href":"https:\/\/rnoticias.com.mx\/Portal\/wp-json\/wp\/v2\/comments?post=234336"}],"version-history":[{"count":1,"href":"https:\/\/rnoticias.com.mx\/Portal\/wp-json\/wp\/v2\/posts\/234336\/revisions"}],"predecessor-version":[{"id":234338,"href":"https:\/\/rnoticias.com.mx\/Portal\/wp-json\/wp\/v2\/posts\/234336\/revisions\/234338"}],"wp:featuredmedia":[{"embeddable":true,"href":"https:\/\/rnoticias.com.mx\/Portal\/wp-json\/wp\/v2\/media\/234337"}],"wp:attachment":[{"href":"https:\/\/rnoticias.com.mx\/Portal\/wp-json\/wp\/v2\/media?parent=234336"}],"wp:term":[{"taxonomy":"category","embeddable":true,"href":"https:\/\/rnoticias.com.mx\/Portal\/wp-json\/wp\/v2\/categories?post=234336"},{"taxonomy":"post_tag","embeddable":true,"href":"https:\/\/rnoticias.com.mx\/Portal\/wp-json\/wp\/v2\/tags?post=234336"}],"curies":[{"name":"wp","href":"https:\/\/api.w.org\/{rel}","templated":true}]}}