{"id":234333,"date":"2025-11-05T15:58:42","date_gmt":"2025-11-05T22:58:42","guid":{"rendered":"https:\/\/rnoticias.com.mx\/Portal\/?p=234333"},"modified":"2025-11-05T15:58:42","modified_gmt":"2025-11-05T22:58:42","slug":"aproximamiento-de-frente-frio-que-traera-ligeros-descensos-de-temperatura-en-sonora","status":"publish","type":"post","link":"https:\/\/rnoticias.com.mx\/Portal\/2025\/11\/05\/aproximamiento-de-frente-frio-que-traera-ligeros-descensos-de-temperatura-en-sonora\/","title":{"rendered":"Aproximamiento de frente fr\u00edo que traer\u00e1 ligeros descensos de temperatura en Sonora"},"content":{"rendered":"<p>Hermosillo, Sonora. Un nuevo frente fr\u00edo podr\u00eda ingresar a Sonora hacia la noche del jueves o durante las primeras horas del viernes, provocando un descenso moderado en las temperaturas para el fin de semana, inform\u00f3 Gilberto Lagarda V\u00e1zquez, especialista t\u00e9cnico de la Comisi\u00f3n Nacional del Agua (Conagua).<\/p>\n<p>&nbsp;<\/p>\n<p>De acuerdo con el meteor\u00f3logo, en la mayor parte del estado continuar\u00e1n predominando condiciones estables, con valores m\u00e1ximos que se mantendr\u00e1n entre los 35 y 40 grados cent\u00edgrados sobre todo en la zona centro-sur y el noroeste.<\/p>\n<p>&nbsp;<\/p>\n<p>\u201cSin embargo, el ingreso del sistema frontal generar\u00eda vientos y un ligero refrescamiento del ambiente, principalmente durante las ma\u00f1anas y noches. En las regiones serranas del norte y oriente, las temperaturas m\u00ednimas podr\u00edan ubicarse entre los 0 y 10 grados cent\u00edgrados\u201d, coment\u00f3.<\/p>\n<p>&nbsp;<\/p>\n<p>Lagarda V\u00e1zquez mencion\u00f3 que ciudades como Hermosillo, Caborca, Navojoa y Ciudad Obreg\u00f3n podr\u00edan registrar m\u00e1ximas alrededor de los 35 grados, lo que representa una disminuci\u00f3n respecto a d\u00edas anteriores, mientras que se espera un clima m\u00e1s fresco al amanecer y al anochecer.<\/p>\n<p>&nbsp;<\/p>\n","protected":false},"excerpt":{"rendered":"<p>Hermosillo, Sonora. Un nuevo frente fr\u00edo podr\u00eda ingresar a Sonora hacia la noche del jueves o durante las primeras horas del viernes, provocando un descenso moderado en las temperaturas para el fin de semana, inform\u00f3 Gilberto Lagarda V\u00e1zquez, especialista t\u00e9cnico de la Comisi\u00f3n Nacional del Agua (Conagua). &nbsp; De acuerdo con el meteor\u00f3logo, en la [&hellip;]<\/p>\n","protected":false},"author":2,"featured_media":234334,"comment_status":"closed","ping_status":"closed","sticky":false,"template":"","format":"standard","meta":{"footnotes":""},"categories":[12870,178],"tags":[12865,12869],"class_list":["post-234333","post","type-post","status-publish","format-standard","has-post-thumbnail","hentry","category-destacadas","category-local","tag-destacadas","tag-local"],"jetpack_featured_media_url":"https:\/\/rnoticias.com.mx\/Portal\/wp-content\/uploads\/2025\/11\/foto-del-cerro-de-la-campana-nublado-en-hermosillo-9d490909-focus-0-0-608-342.webp","amp_enabled":true,"_links":{"self":[{"href":"https:\/\/rnoticias.com.mx\/Portal\/wp-json\/wp\/v2\/posts\/234333","targetHints":{"allow":["GET"]}}],"collection":[{"href":"https:\/\/rnoticias.com.mx\/Portal\/wp-json\/wp\/v2\/posts"}],"about":[{"href":"https:\/\/rnoticias.com.mx\/Portal\/wp-json\/wp\/v2\/types\/post"}],"author":[{"embeddable":true,"href":"https:\/\/rnoticias.com.mx\/Portal\/wp-json\/wp\/v2\/users\/2"}],"replies":[{"embeddable":true,"href":"https:\/\/rnoticias.com.mx\/Portal\/wp-json\/wp\/v2\/comments?post=234333"}],"version-history":[{"count":1,"href":"https:\/\/rnoticias.com.mx\/Portal\/wp-json\/wp\/v2\/posts\/234333\/revisions"}],"predecessor-version":[{"id":234335,"href":"https:\/\/rnoticias.com.mx\/Portal\/wp-json\/wp\/v2\/posts\/234333\/revisions\/234335"}],"wp:featuredmedia":[{"embeddable":true,"href":"https:\/\/rnoticias.com.mx\/Portal\/wp-json\/wp\/v2\/media\/234334"}],"wp:attachment":[{"href":"https:\/\/rnoticias.com.mx\/Portal\/wp-json\/wp\/v2\/media?parent=234333"}],"wp:term":[{"taxonomy":"category","embeddable":true,"href":"https:\/\/rnoticias.com.mx\/Portal\/wp-json\/wp\/v2\/categories?post=234333"},{"taxonomy":"post_tag","embeddable":true,"href":"https:\/\/rnoticias.com.mx\/Portal\/wp-json\/wp\/v2\/tags?post=234333"}],"curies":[{"name":"wp","href":"https:\/\/api.w.org\/{rel}","templated":true}]}}