{"id":234330,"date":"2025-11-05T11:53:29","date_gmt":"2025-11-05T18:53:29","guid":{"rendered":"https:\/\/rnoticias.com.mx\/Portal\/?p=234330"},"modified":"2025-11-05T11:53:29","modified_gmt":"2025-11-05T18:53:29","slug":"separan-de-cargo-a-titular-de-proteccion-civil-de-sonora-por-investigacion-sobre-incendio-en-tienda-waldos","status":"publish","type":"post","link":"https:\/\/rnoticias.com.mx\/Portal\/2025\/11\/05\/separan-de-cargo-a-titular-de-proteccion-civil-de-sonora-por-investigacion-sobre-incendio-en-tienda-waldos\/","title":{"rendered":"Separan de cargo a titular de Protecci\u00f3n Civil de Sonora por investigaci\u00f3n sobre incendio en tienda Waldos"},"content":{"rendered":"<div class=\"post-details\">\n<p>El gobernador de Sonora, Alfonso Durazo, inform\u00f3 que\u00a0<strong>Armando Casta\u00f1eda, titular de Protecci\u00f3n Civil del Gobierno del Estado<\/strong>, fue separado del cargo mientras la Fiscal\u00eda General de Justicia estatal lleva a cabo la\u00a0<a href=\"https:\/\/www.animalpolitico.com\/estados\/incendio-hermosillo-muertos-no-intencional-sonora?_gl=1*zzpowz*_ga*MTE5NjcxNTQ0NC4xNzQxMDMxNzA5*_ga_JSN48THPPC*czE3NjIzNjU4NjgkbzM4NyRnMSR0MTc2MjM2NTk5NCRqNTkkbDAkaDA.\" target=\"_blank\" rel=\"noopener\">investigaci\u00f3n sobre el incendio en una tienda minorista en la capital Hermosillo<\/a>, el cual dej\u00f3 23 personas muertas.<\/p>\n<\/div>\n<div class=\"post-details\">\n<p>\u201cHe solicitado al titular de Protecci\u00f3n Civil del Gobierno del Estado se separe del cargo por el tiempo que dure la investigaci\u00f3n, que lleva a cabo la Fiscal\u00eda General de Justicia del Estado, con el prop\u00f3sito de\u00a0<strong>evitar el riesgo de ser juez y parte en dicha investigaci\u00f3n\u201d<\/strong>.<\/p>\n<\/div>\n<div>\n<div class=\"post-details\">\n<p>\u201cMi gobierno, se los aseguro, responder\u00e1 con verdad, con justicia y con humanidad.\u00a0<strong>Verdad para que no haya dudas y justicia para que no haya impunidad<\/strong>. Esa es la ruta que seguiremos, humildad para escuchar, firmeza para actuar y memoria para no olvidar\u201d, dijo en un mensaje.<\/p>\n<\/div>\n<\/div>\n<div>\n<div class=\"post-details\">\n<p>El gobernador sonorense asegur\u00f3 que es leg\u00edtimo que existan\u00a0<strong>\u201cvoces cr\u00edticas\u201d e incredulidad en algunos sectores de la poblaci\u00f3n<\/strong> respecto a la investigaci\u00f3n que est\u00e1 realizando la fiscal\u00eda estatal.<\/p>\n<\/div>\n<\/div>\n<div>\n<div class=\"post-details\">\n<p>\u201cPor desgracia, Sonora ha vivido tragedias que marcaron su historia. Tragedias envueltas en el silencio, la simulaci\u00f3n o la omisi\u00f3n que agravaron el dolor de las familias y minaron la confianza ciudadana.\u00a0<strong>Esa sombra a\u00fan pesa en nuestra memoria colectiva<\/strong>\u201c, afirm\u00f3.<\/p>\n<\/div>\n<p>&nbsp;<\/p>\n<p>Fuente: Animal Politico<\/p>\n<\/div>\n","protected":false},"excerpt":{"rendered":"<p>El gobernador de Sonora, Alfonso Durazo, inform\u00f3 que\u00a0Armando Casta\u00f1eda, titular de Protecci\u00f3n Civil del Gobierno del Estado, fue separado del cargo mientras la Fiscal\u00eda General de Justicia estatal lleva a cabo la\u00a0investigaci\u00f3n sobre el incendio en una tienda minorista en la capital Hermosillo, el cual dej\u00f3 23 personas muertas. \u201cHe solicitado al titular de Protecci\u00f3n [&hellip;]<\/p>\n","protected":false},"author":2,"featured_media":234331,"comment_status":"closed","ping_status":"closed","sticky":false,"template":"","format":"standard","meta":{"footnotes":""},"categories":[12870,178],"tags":[12865,12869],"class_list":["post-234330","post","type-post","status-publish","format-standard","has-post-thumbnail","hentry","category-destacadas","category-local","tag-destacadas","tag-local"],"jetpack_featured_media_url":"https:\/\/rnoticias.com.mx\/Portal\/wp-content\/uploads\/2025\/11\/Imagen-de-WhatsApp-2024-11-05-a-las-12.47.00_a8f4c887.jpg","amp_enabled":true,"_links":{"self":[{"href":"https:\/\/rnoticias.com.mx\/Portal\/wp-json\/wp\/v2\/posts\/234330","targetHints":{"allow":["GET"]}}],"collection":[{"href":"https:\/\/rnoticias.com.mx\/Portal\/wp-json\/wp\/v2\/posts"}],"about":[{"href":"https:\/\/rnoticias.com.mx\/Portal\/wp-json\/wp\/v2\/types\/post"}],"author":[{"embeddable":true,"href":"https:\/\/rnoticias.com.mx\/Portal\/wp-json\/wp\/v2\/users\/2"}],"replies":[{"embeddable":true,"href":"https:\/\/rnoticias.com.mx\/Portal\/wp-json\/wp\/v2\/comments?post=234330"}],"version-history":[{"count":1,"href":"https:\/\/rnoticias.com.mx\/Portal\/wp-json\/wp\/v2\/posts\/234330\/revisions"}],"predecessor-version":[{"id":234332,"href":"https:\/\/rnoticias.com.mx\/Portal\/wp-json\/wp\/v2\/posts\/234330\/revisions\/234332"}],"wp:featuredmedia":[{"embeddable":true,"href":"https:\/\/rnoticias.com.mx\/Portal\/wp-json\/wp\/v2\/media\/234331"}],"wp:attachment":[{"href":"https:\/\/rnoticias.com.mx\/Portal\/wp-json\/wp\/v2\/media?parent=234330"}],"wp:term":[{"taxonomy":"category","embeddable":true,"href":"https:\/\/rnoticias.com.mx\/Portal\/wp-json\/wp\/v2\/categories?post=234330"},{"taxonomy":"post_tag","embeddable":true,"href":"https:\/\/rnoticias.com.mx\/Portal\/wp-json\/wp\/v2\/tags?post=234330"}],"curies":[{"name":"wp","href":"https:\/\/api.w.org\/{rel}","templated":true}]}}