{"id":234327,"date":"2025-11-05T11:50:27","date_gmt":"2025-11-05T18:50:27","guid":{"rendered":"https:\/\/rnoticias.com.mx\/Portal\/?p=234327"},"modified":"2025-11-05T11:50:27","modified_gmt":"2025-11-05T18:50:27","slug":"pide-amnistia-internacional-a-mexico-a-investigar-violaciones-de-ddhh-en-protestas","status":"publish","type":"post","link":"https:\/\/rnoticias.com.mx\/Portal\/2025\/11\/05\/pide-amnistia-internacional-a-mexico-a-investigar-violaciones-de-ddhh-en-protestas\/","title":{"rendered":"Pide Amnist\u00eda Internacional a M\u00e9xico a investigar violaciones de DDHH en protestas"},"content":{"rendered":"<p><strong>La organizaci\u00f3n Amnist\u00eda Internacional\u00a0<\/strong>(AI) reclam\u00f3 este martes al Gobierno mexicano que investigue posibles violaciones a los derechos humanos que se produjeron en las recientes protestas en el estado mexicano de Michoac\u00e1n (oeste)\u00a0<strong>por el asesinato, el pasado 1 de noviembre, del alcalde de Uruapan, Carlos Manzo.<\/strong><\/p>\n<p>En una publicaci\u00f3n en redes sociales, AI manifest\u00f3 su<strong>\u00a0&#8220;preocupaci\u00f3n&#8221;<\/strong>\u00a0por actos que se produjeron durante las protestas por el asesinato de Manzo y -que a su juicio<strong>&#8211; &#8220;podr\u00edan ser catalogados como violatorios de derechos humanos&#8221;.<\/strong><\/p>\n<p>En concreto menciona que en varios v\u00eddeos se ve a polic\u00edas<strong>\u00a0&#8220;golpeando al menos a un manifestante que ya estaba sometido&#8221;<\/strong>\u00a0o c\u00f3mo dispersaban una protesta<strong>\u00a0&#8220;pese a que era pac\u00edfica&#8221;.<\/strong><\/p>\n<p>El asesinato de Manzo, tras un evento p\u00fablico del D\u00eda de Muertos, ha generado una fuerte indignaci\u00f3n en Michoac\u00e1n, donde se han registrado protestas y enfrentamientos entre manifestantes y fuerzas policiales.<\/p>\n<p>Ante esta situaci\u00f3n, Amnist\u00eda Internacional reclam\u00f3 a las autoridades mexicanas que protejan las manifestaciones, pues es un<strong>\u00a0&#8220;derecho humano al que las personas recurren ante las omisiones del Estado para atender demandas sociales&#8221;.<\/strong><\/p>\n<p>As\u00ed mismo, la organizaci\u00f3n record\u00f3 que el uso de armas menos letales durante las manifestaciones est\u00e1 regido por est\u00e1ndares internacionales de derechos humanos.<\/p>\n<p>La ONG tambi\u00e9n reclam\u00f3 al Estado mexicano que atendiera<strong>\u00a0&#8220;con urgencia&#8221; la situaci\u00f3n de inseguridad y violencia que a su juicio se vive en Michoac\u00e1n.<\/strong><\/p>\n<p>Al respecto, esta ma\u00f1ana la presidenta mexicana, Claudia Sheinbaum, rechaz\u00f3 la violencia que se ha registrado en las manifestaciones en Michoac\u00e1n e inform\u00f3 que no ha sido identificado el presunto responsable del homicidio de Manzo.<\/p>\n<p><strong>&#8220;Nunca hemos estado de acuerdo nosotros con el uso de la violencia en las manifestaciones, pensamos nosotros que la manifestaci\u00f3n pac\u00edfica es la mejor forma de decir que uno est\u00e1 en contra o a favor de algo. La violencia no ayuda, ni siquiera a convencer a otros&#8221;,\u00a0<\/strong>dijo la mandataria.<\/p>\n<p>Adem\u00e1s, Sheinbaum present\u00f3 el \u2018Plan Michoac\u00e1n por la Paz y la Justicia\u2019, una estrategia integral para atender la violencia en este estado, que contar\u00e1 con tres ejes: seguridad y justicia, desarrollo econ\u00f3mico con justicia y educaci\u00f3n y cultura para la paz.<\/p>\n<p>&nbsp;<\/p>\n<p>Fuente: EFE<\/p>\n","protected":false},"excerpt":{"rendered":"<p>La organizaci\u00f3n Amnist\u00eda Internacional\u00a0(AI) reclam\u00f3 este martes al Gobierno mexicano que investigue posibles violaciones a los derechos humanos que se produjeron en las recientes protestas en el estado mexicano de Michoac\u00e1n (oeste)\u00a0por el asesinato, el pasado 1 de noviembre, del alcalde de Uruapan, Carlos Manzo. En una publicaci\u00f3n en redes sociales, AI manifest\u00f3 su\u00a0&#8220;preocupaci\u00f3n&#8221;\u00a0por actos [&hellip;]<\/p>\n","protected":false},"author":2,"featured_media":234328,"comment_status":"closed","ping_status":"closed","sticky":false,"template":"","format":"standard","meta":{"footnotes":""},"categories":[12870,172],"tags":[12865,12874],"class_list":["post-234327","post","type-post","status-publish","format-standard","has-post-thumbnail","hentry","category-destacadas","category-nacional","tag-destacadas","tag-nacional"],"jetpack_featured_media_url":"https:\/\/rnoticias.com.mx\/Portal\/wp-content\/uploads\/2025\/11\/GettyImages-1239803094-scaled-1.jpg","amp_enabled":true,"_links":{"self":[{"href":"https:\/\/rnoticias.com.mx\/Portal\/wp-json\/wp\/v2\/posts\/234327","targetHints":{"allow":["GET"]}}],"collection":[{"href":"https:\/\/rnoticias.com.mx\/Portal\/wp-json\/wp\/v2\/posts"}],"about":[{"href":"https:\/\/rnoticias.com.mx\/Portal\/wp-json\/wp\/v2\/types\/post"}],"author":[{"embeddable":true,"href":"https:\/\/rnoticias.com.mx\/Portal\/wp-json\/wp\/v2\/users\/2"}],"replies":[{"embeddable":true,"href":"https:\/\/rnoticias.com.mx\/Portal\/wp-json\/wp\/v2\/comments?post=234327"}],"version-history":[{"count":1,"href":"https:\/\/rnoticias.com.mx\/Portal\/wp-json\/wp\/v2\/posts\/234327\/revisions"}],"predecessor-version":[{"id":234329,"href":"https:\/\/rnoticias.com.mx\/Portal\/wp-json\/wp\/v2\/posts\/234327\/revisions\/234329"}],"wp:featuredmedia":[{"embeddable":true,"href":"https:\/\/rnoticias.com.mx\/Portal\/wp-json\/wp\/v2\/media\/234328"}],"wp:attachment":[{"href":"https:\/\/rnoticias.com.mx\/Portal\/wp-json\/wp\/v2\/media?parent=234327"}],"wp:term":[{"taxonomy":"category","embeddable":true,"href":"https:\/\/rnoticias.com.mx\/Portal\/wp-json\/wp\/v2\/categories?post=234327"},{"taxonomy":"post_tag","embeddable":true,"href":"https:\/\/rnoticias.com.mx\/Portal\/wp-json\/wp\/v2\/tags?post=234327"}],"curies":[{"name":"wp","href":"https:\/\/api.w.org\/{rel}","templated":true}]}}