{"id":234324,"date":"2025-11-05T08:16:31","date_gmt":"2025-11-05T15:16:31","guid":{"rendered":"https:\/\/rnoticias.com.mx\/Portal\/?p=234324"},"modified":"2025-11-05T08:16:31","modified_gmt":"2025-11-05T15:16:31","slug":"asegura-fgjes-camaras-de-vigilancia-irregulares-en-cajeme-durante-operativos-conjuntos","status":"publish","type":"post","link":"https:\/\/rnoticias.com.mx\/Portal\/2025\/11\/05\/asegura-fgjes-camaras-de-vigilancia-irregulares-en-cajeme-durante-operativos-conjuntos\/","title":{"rendered":"Asegura FGJES c\u00e1maras de vigilancia irregulares en Cajeme durante operativos conjuntos"},"content":{"rendered":"<p>Cajeme, Sonora, 5 de noviembre de 2025.- Como parte de las acciones coordinadas entre corporaciones estatales y federales para fortalecer la seguridad en el municipio de Cajeme, elementos de la Agencia Ministerial de Investigaci\u00f3n Criminal (AMIC), en coordinaci\u00f3n con la Polic\u00eda Estatal de Seguridad P\u00fablica (PESP) y la Secretar\u00eda de la Defensa Nacional (DEFENSA), aseguraron c\u00e1maras de videovigilancia instaladas de forma irregular, conocidas como \u201cpar\u00e1sitas\u201d, en distintos puntos.<\/p>\n<p>Durante un primer operativo realizado en la calle Base, en la Comisar\u00eda de Providencia, los agentes localizaron tres c\u00e1maras blancas instaladas en el segundo piso de un expendio de cerveza, las cuales apuntaban directamente hacia la v\u00eda p\u00fablica.<\/p>\n<p>El personal del establecimiento manifest\u00f3 desconocer qui\u00e9n coloc\u00f3 los dispositivos, por lo que fueron desinstalados y asegurados junto con un DVR y un m\u00f3dem, quedando todo bajo resguardo del Agente del Ministerio P\u00fablico.<\/p>\n<p>En una segunda intervenci\u00f3n, en la calle Meridiano, en la colonia Ejido Tepeyac, n Ciudad Obreg\u00f3n, fue localizada otra c\u00e1mara similar colocada en un poste de concreto con vista hacia la calle 200.<\/p>\n<p>De acuerdo con testigos, hace aproximadamente tres semanas sujetos con vestimenta similar a la de una empresa privada habr\u00edan instalado el equipo sin justificaci\u00f3n aparente; el dispositivo fue retirado y puesto igualmente a disposici\u00f3n del Ministerio P\u00fablico para las investigaciones correspondientes.<\/p>\n<p>Estas acciones forman parte de los operativos permanentes de supervisi\u00f3n y seguridad implementados en Cajeme, orientados a la detecci\u00f3n de infraestructura utilizada con fines il\u00edcitos o para el monitoreo de corporaciones policiales.<\/p>\n<p>La Fiscal\u00eda General de Justicia del Estado de Sonora (FGJES) reafirma su compromiso de colaborar con las fuerzas de seguridad para garantizar entornos m\u00e1s seguros y transparentes, manteniendo una vigilancia constante contra estructuras que vulneren la tranquilidad de la ciudadan\u00eda<\/p>\n","protected":false},"excerpt":{"rendered":"<p>Cajeme, Sonora, 5 de noviembre de 2025.- Como parte de las acciones coordinadas entre corporaciones estatales y federales para fortalecer la seguridad en el municipio de Cajeme, elementos de la Agencia Ministerial de Investigaci\u00f3n Criminal (AMIC), en coordinaci\u00f3n con la Polic\u00eda Estatal de Seguridad P\u00fablica (PESP) y la Secretar\u00eda de la Defensa Nacional (DEFENSA), aseguraron [&hellip;]<\/p>\n","protected":false},"author":2,"featured_media":234325,"comment_status":"closed","ping_status":"closed","sticky":false,"template":"","format":"standard","meta":{"footnotes":""},"categories":[12870,174],"tags":[12865,12873],"class_list":["post-234324","post","type-post","status-publish","format-standard","has-post-thumbnail","hentry","category-destacadas","category-estatal","tag-destacadas","tag-estatal"],"jetpack_featured_media_url":"https:\/\/rnoticias.com.mx\/Portal\/wp-content\/uploads\/2025\/11\/b1cff95c-cafd-4133-8eae-0353cfdd6e21.jpeg","amp_enabled":true,"_links":{"self":[{"href":"https:\/\/rnoticias.com.mx\/Portal\/wp-json\/wp\/v2\/posts\/234324","targetHints":{"allow":["GET"]}}],"collection":[{"href":"https:\/\/rnoticias.com.mx\/Portal\/wp-json\/wp\/v2\/posts"}],"about":[{"href":"https:\/\/rnoticias.com.mx\/Portal\/wp-json\/wp\/v2\/types\/post"}],"author":[{"embeddable":true,"href":"https:\/\/rnoticias.com.mx\/Portal\/wp-json\/wp\/v2\/users\/2"}],"replies":[{"embeddable":true,"href":"https:\/\/rnoticias.com.mx\/Portal\/wp-json\/wp\/v2\/comments?post=234324"}],"version-history":[{"count":1,"href":"https:\/\/rnoticias.com.mx\/Portal\/wp-json\/wp\/v2\/posts\/234324\/revisions"}],"predecessor-version":[{"id":234326,"href":"https:\/\/rnoticias.com.mx\/Portal\/wp-json\/wp\/v2\/posts\/234324\/revisions\/234326"}],"wp:featuredmedia":[{"embeddable":true,"href":"https:\/\/rnoticias.com.mx\/Portal\/wp-json\/wp\/v2\/media\/234325"}],"wp:attachment":[{"href":"https:\/\/rnoticias.com.mx\/Portal\/wp-json\/wp\/v2\/media?parent=234324"}],"wp:term":[{"taxonomy":"category","embeddable":true,"href":"https:\/\/rnoticias.com.mx\/Portal\/wp-json\/wp\/v2\/categories?post=234324"},{"taxonomy":"post_tag","embeddable":true,"href":"https:\/\/rnoticias.com.mx\/Portal\/wp-json\/wp\/v2\/tags?post=234324"}],"curies":[{"name":"wp","href":"https:\/\/api.w.org\/{rel}","templated":true}]}}