{"id":234281,"date":"2025-11-04T16:34:15","date_gmt":"2025-11-04T23:34:15","guid":{"rendered":"https:\/\/rnoticias.com.mx\/Portal\/?p=234281"},"modified":"2025-11-04T16:34:15","modified_gmt":"2025-11-04T23:34:15","slug":"cancelan-feria-del-libro-sonora-2025-tras-incendio-fatal","status":"publish","type":"post","link":"https:\/\/rnoticias.com.mx\/Portal\/2025\/11\/04\/cancelan-feria-del-libro-sonora-2025-tras-incendio-fatal\/","title":{"rendered":"Cancelan Feria del Libro Sonora 2025 tras incendio fatal"},"content":{"rendered":"<p>Hermosillo, Sonora. El Gobierno de Sonora anunci\u00f3 la cancelaci\u00f3n de la Feria del Libro Sonora 2025, que estaba prevista del 8 al 15 de noviembre en la Plaza Bicentenario de Hermosillo.<\/p>\n<p>&nbsp;<\/p>\n<p>La decisi\u00f3n se tom\u00f3 como muestra de respeto hacia las v\u00edctimas y sus familias tras el incendio ocurrido el pasado 1 de noviembre en una tienda Waldo\u2019s del centro de la ciudad.<\/p>\n<p>&nbsp;<\/p>\n<p>Mediante la Secretar\u00eda de Educaci\u00f3n y Cultura y el Instituto Sonorense de Cultura, las autoridades informaron que la suspensi\u00f3n responde a un acto de solidaridad y empat\u00eda con la comunidad sonorense, profundamente afectada por la tragedia del pasado s\u00e1bado 1 de noviembre.<\/p>\n<p>&nbsp;<\/p>\n<p>Los organizadores agradecieron la comprensi\u00f3n de editoriales, escritores y p\u00fablico, reafirmando su compromiso con la cultura y el bienestar social e indicaron, que el evento literario regresar\u00e1 cuando el entorno sea propicio para el reencuentro cultural.<\/p>\n<p>&nbsp;<\/p>\n","protected":false},"excerpt":{"rendered":"<p>Hermosillo, Sonora. El Gobierno de Sonora anunci\u00f3 la cancelaci\u00f3n de la Feria del Libro Sonora 2025, que estaba prevista del 8 al 15 de noviembre en la Plaza Bicentenario de Hermosillo. &nbsp; La decisi\u00f3n se tom\u00f3 como muestra de respeto hacia las v\u00edctimas y sus familias tras el incendio ocurrido el pasado 1 de noviembre [&hellip;]<\/p>\n","protected":false},"author":2,"featured_media":234282,"comment_status":"closed","ping_status":"closed","sticky":false,"template":"","format":"standard","meta":{"footnotes":""},"categories":[12870,178],"tags":[12865,12869],"class_list":["post-234281","post","type-post","status-publish","format-standard","has-post-thumbnail","hentry","category-destacadas","category-local","tag-destacadas","tag-local"],"jetpack_featured_media_url":"https:\/\/rnoticias.com.mx\/Portal\/wp-content\/uploads\/2025\/11\/Agregar-un-titulo-33-1024x553-1.png","amp_enabled":true,"_links":{"self":[{"href":"https:\/\/rnoticias.com.mx\/Portal\/wp-json\/wp\/v2\/posts\/234281","targetHints":{"allow":["GET"]}}],"collection":[{"href":"https:\/\/rnoticias.com.mx\/Portal\/wp-json\/wp\/v2\/posts"}],"about":[{"href":"https:\/\/rnoticias.com.mx\/Portal\/wp-json\/wp\/v2\/types\/post"}],"author":[{"embeddable":true,"href":"https:\/\/rnoticias.com.mx\/Portal\/wp-json\/wp\/v2\/users\/2"}],"replies":[{"embeddable":true,"href":"https:\/\/rnoticias.com.mx\/Portal\/wp-json\/wp\/v2\/comments?post=234281"}],"version-history":[{"count":1,"href":"https:\/\/rnoticias.com.mx\/Portal\/wp-json\/wp\/v2\/posts\/234281\/revisions"}],"predecessor-version":[{"id":234283,"href":"https:\/\/rnoticias.com.mx\/Portal\/wp-json\/wp\/v2\/posts\/234281\/revisions\/234283"}],"wp:featuredmedia":[{"embeddable":true,"href":"https:\/\/rnoticias.com.mx\/Portal\/wp-json\/wp\/v2\/media\/234282"}],"wp:attachment":[{"href":"https:\/\/rnoticias.com.mx\/Portal\/wp-json\/wp\/v2\/media?parent=234281"}],"wp:term":[{"taxonomy":"category","embeddable":true,"href":"https:\/\/rnoticias.com.mx\/Portal\/wp-json\/wp\/v2\/categories?post=234281"},{"taxonomy":"post_tag","embeddable":true,"href":"https:\/\/rnoticias.com.mx\/Portal\/wp-json\/wp\/v2\/tags?post=234281"}],"curies":[{"name":"wp","href":"https:\/\/api.w.org\/{rel}","templated":true}]}}