{"id":234275,"date":"2025-11-04T16:31:07","date_gmt":"2025-11-04T23:31:07","guid":{"rendered":"https:\/\/rnoticias.com.mx\/Portal\/?p=234275"},"modified":"2025-11-04T16:31:07","modified_gmt":"2025-11-04T23:31:07","slug":"reabriran-comercios-aledanos-a-la-explosion-tras-cumplir-dictamen-electrico","status":"publish","type":"post","link":"https:\/\/rnoticias.com.mx\/Portal\/2025\/11\/04\/reabriran-comercios-aledanos-a-la-explosion-tras-cumplir-dictamen-electrico\/","title":{"rendered":"Reabrir\u00e1n comercios aleda\u00f1os a la explosi\u00f3n tras cumplir dictamen el\u00e9ctrico"},"content":{"rendered":"<p>Los cerca de 30 comercios ubicados en la manzana colindante con la tienda Waldo\u2019s, donde ocurri\u00f3 la reciente explosi\u00f3n en el Centro de Hermosillo, podr\u00e1n reabrir sus puertas una vez que cuenten con un dictamen el\u00e9ctrico aprobado por un perito certificado y validado por Protecci\u00f3n Civil Municipal.<\/p>\n<p>&nbsp;<\/p>\n<p>Rub\u00e9n L\u00f3pez Peralta, presidente de la Uni\u00f3n de Comerciantes del Centro de Hermosillo, inform\u00f3 que desde el domingo por la tarde los negocios permanec\u00edan cerrados por instrucci\u00f3n de las autoridades, a fin de realizar revisiones el\u00e9ctricas tras los da\u00f1os ocasionados por la explosi\u00f3n y el incendio que, seg\u00fan los primeros indicios, habr\u00edan sido provocados por un transformador.<\/p>\n<p>&nbsp;<\/p>\n<p>\u201cQuiere la autoridad asegurarse de que todos los comercios que est\u00e1n en esa manzana cumplen con un dictamen el\u00e9ctrico, el cual est\u00e1 con visto bueno de un perito con experiencia y con c\u00e9dula profesional. Y tambi\u00e9n este, pues dando visto bueno con la autoridad. Ayer te repito, te tuvimos ya algunos dict\u00e1menes de aprobado, le habl\u00e9 a la autoridad, nos mand\u00f3 a tres elementos de la protecci\u00f3n civil\u00a0municipal, vieron fe, levantaron el acta y empezaron a operar.\u00a0Ahorita tenemos la misma jornada con otros comercios\u201d, detall\u00f3.<\/p>\n<p>&nbsp;<\/p>\n<p>Reconoci\u00f3, que ya algunos locales obtuvieron el visto bueno de parte de las autoridades para retomar operaciones y confi\u00f3 que en el transcurso de las horas puedan reabrir la totalidad de los comercios que colindan con Waldos.<\/p>\n<p>&nbsp;<\/p>\n<p>A\u00f1adi\u00f3 que tambi\u00e9n se solicit\u00f3 una pr\u00f3rroga para entregar un dictamen estructural, dado que este requiere planos y la firma de un Director Responsable de Obra. Subray\u00f3 que el objetivo es garantizar la seguridad de empleados y clientes, y recuperar cuanto antes la actividad comercial del centro.<\/p>\n","protected":false},"excerpt":{"rendered":"<p>Los cerca de 30 comercios ubicados en la manzana colindante con la tienda Waldo\u2019s, donde ocurri\u00f3 la reciente explosi\u00f3n en el Centro de Hermosillo, podr\u00e1n reabrir sus puertas una vez que cuenten con un dictamen el\u00e9ctrico aprobado por un perito certificado y validado por Protecci\u00f3n Civil Municipal. &nbsp; Rub\u00e9n L\u00f3pez Peralta, presidente de la Uni\u00f3n [&hellip;]<\/p>\n","protected":false},"author":2,"featured_media":234276,"comment_status":"closed","ping_status":"closed","sticky":false,"template":"","format":"standard","meta":{"footnotes":""},"categories":[12870,178],"tags":[12865,12869],"class_list":["post-234275","post","type-post","status-publish","format-standard","has-post-thumbnail","hentry","category-destacadas","category-local","tag-destacadas","tag-local"],"jetpack_featured_media_url":"https:\/\/rnoticias.com.mx\/Portal\/wp-content\/uploads\/2025\/11\/20180821122151_135.jpg","amp_enabled":true,"_links":{"self":[{"href":"https:\/\/rnoticias.com.mx\/Portal\/wp-json\/wp\/v2\/posts\/234275","targetHints":{"allow":["GET"]}}],"collection":[{"href":"https:\/\/rnoticias.com.mx\/Portal\/wp-json\/wp\/v2\/posts"}],"about":[{"href":"https:\/\/rnoticias.com.mx\/Portal\/wp-json\/wp\/v2\/types\/post"}],"author":[{"embeddable":true,"href":"https:\/\/rnoticias.com.mx\/Portal\/wp-json\/wp\/v2\/users\/2"}],"replies":[{"embeddable":true,"href":"https:\/\/rnoticias.com.mx\/Portal\/wp-json\/wp\/v2\/comments?post=234275"}],"version-history":[{"count":1,"href":"https:\/\/rnoticias.com.mx\/Portal\/wp-json\/wp\/v2\/posts\/234275\/revisions"}],"predecessor-version":[{"id":234277,"href":"https:\/\/rnoticias.com.mx\/Portal\/wp-json\/wp\/v2\/posts\/234275\/revisions\/234277"}],"wp:featuredmedia":[{"embeddable":true,"href":"https:\/\/rnoticias.com.mx\/Portal\/wp-json\/wp\/v2\/media\/234276"}],"wp:attachment":[{"href":"https:\/\/rnoticias.com.mx\/Portal\/wp-json\/wp\/v2\/media?parent=234275"}],"wp:term":[{"taxonomy":"category","embeddable":true,"href":"https:\/\/rnoticias.com.mx\/Portal\/wp-json\/wp\/v2\/categories?post=234275"},{"taxonomy":"post_tag","embeddable":true,"href":"https:\/\/rnoticias.com.mx\/Portal\/wp-json\/wp\/v2\/tags?post=234275"}],"curies":[{"name":"wp","href":"https:\/\/api.w.org\/{rel}","templated":true}]}}