{"id":234269,"date":"2025-11-04T16:21:04","date_gmt":"2025-11-04T23:21:04","guid":{"rendered":"https:\/\/rnoticias.com.mx\/Portal\/?p=234269"},"modified":"2025-11-04T16:21:04","modified_gmt":"2025-11-04T23:21:04","slug":"cenador-pasitos-felices-invita-a-apadrinar-a-ninos-esta-navidad","status":"publish","type":"post","link":"https:\/\/rnoticias.com.mx\/Portal\/2025\/11\/04\/cenador-pasitos-felices-invita-a-apadrinar-a-ninos-esta-navidad\/","title":{"rendered":"Cenador Pasitos Felices invita a apadrinar a ni\u00f1os esta Navidad"},"content":{"rendered":"<p>El cenador comunitario <em data-start=\"94\" data-end=\"123\">Pasitos Felices en Las Minitas<\/em> inici\u00f3 su campa\u00f1a navide\u00f1a para invitar a la ciudadan\u00eda a apadrinar a los ni\u00f1os que acuden diariamente al lugar, con el fin de que reciban un regalo durante la posada que se realizar\u00e1 en diciembre.<\/p>\n<p>&nbsp;<\/p>\n<p data-start=\"325\" data-end=\"704\">Adilene Acu\u00f1a Cornejo, mano derecha y apoyo de la encargada del comedor, explic\u00f3 que los peque\u00f1os elaboran cartitas donde escriben sus deseos, como juguetes o ropa, y que estas se publican en la p\u00e1gina de Facebook <em data-start=\"539\" data-end=\"568\">Pasitos Felices en Las Minitas<\/em> para que los interesados elijan a qui\u00e9n apadrinar.<\/p>\n<p>&nbsp;<\/p>\n<p>\u201cCada cartita fue escrita por los ni\u00f1os.\u00a0Hay unos ni\u00f1os que a\u00fan no saben escribir, algunos que ya me las entregaron, que fueron hechos por sus mam\u00e1s. Pues m\u00e1s que nada piden regalitos, no?\u00a0O para lo que es en este diciembre, son aproximadamente ahorita creo que son 20 cartitas las que tengo\u00a0escritas y todav\u00eda me faltan m\u00e1s, yo creo que me faltan como unas 10, 10\u00a0cartitas que faltan por entregarme\u201d, dijo.<\/p>\n<p>&nbsp;<\/p>\n<p>Coment\u00f3, que la entrega de regalos se realizar\u00e1 durante la posada navide\u00f1a, prevista entre el 19 y 20 de diciembre, en las instalaciones ubicadas en calle Casimiro Bustamante n\u00famero 200, colonia Las Minitas.<\/p>\n<p>&nbsp;<\/p>\n<p data-start=\"993\" data-end=\"1275\" data-is-last-node=\"\" data-is-only-node=\"\">El cenador brinda cenas de lunes a viernes a partir de las 7:00 de la tarde y atiende a menores de distintas colonias como Las Minitas, Los Olivos, Palo Verde y Real de Minas. Las personas interesadas en apoyar pueden comunicarse al WhatsApp <strong data-start=\"1235\" data-end=\"1251\">6624 617 833<\/strong>.<\/p>\n","protected":false},"excerpt":{"rendered":"<p>El cenador comunitario Pasitos Felices en Las Minitas inici\u00f3 su campa\u00f1a navide\u00f1a para invitar a la ciudadan\u00eda a apadrinar a los ni\u00f1os que acuden diariamente al lugar, con el fin de que reciban un regalo durante la posada que se realizar\u00e1 en diciembre. &nbsp; Adilene Acu\u00f1a Cornejo, mano derecha y apoyo de la encargada del [&hellip;]<\/p>\n","protected":false},"author":2,"featured_media":234270,"comment_status":"closed","ping_status":"closed","sticky":false,"template":"","format":"standard","meta":{"footnotes":""},"categories":[12870,178],"tags":[12865,12869],"class_list":["post-234269","post","type-post","status-publish","format-standard","has-post-thumbnail","hentry","category-destacadas","category-local","tag-destacadas","tag-local"],"jetpack_featured_media_url":"https:\/\/rnoticias.com.mx\/Portal\/wp-content\/uploads\/2025\/11\/8ec7717b-5de6-48aa-9539-872987786d3c.jpeg","amp_enabled":true,"_links":{"self":[{"href":"https:\/\/rnoticias.com.mx\/Portal\/wp-json\/wp\/v2\/posts\/234269","targetHints":{"allow":["GET"]}}],"collection":[{"href":"https:\/\/rnoticias.com.mx\/Portal\/wp-json\/wp\/v2\/posts"}],"about":[{"href":"https:\/\/rnoticias.com.mx\/Portal\/wp-json\/wp\/v2\/types\/post"}],"author":[{"embeddable":true,"href":"https:\/\/rnoticias.com.mx\/Portal\/wp-json\/wp\/v2\/users\/2"}],"replies":[{"embeddable":true,"href":"https:\/\/rnoticias.com.mx\/Portal\/wp-json\/wp\/v2\/comments?post=234269"}],"version-history":[{"count":1,"href":"https:\/\/rnoticias.com.mx\/Portal\/wp-json\/wp\/v2\/posts\/234269\/revisions"}],"predecessor-version":[{"id":234271,"href":"https:\/\/rnoticias.com.mx\/Portal\/wp-json\/wp\/v2\/posts\/234269\/revisions\/234271"}],"wp:featuredmedia":[{"embeddable":true,"href":"https:\/\/rnoticias.com.mx\/Portal\/wp-json\/wp\/v2\/media\/234270"}],"wp:attachment":[{"href":"https:\/\/rnoticias.com.mx\/Portal\/wp-json\/wp\/v2\/media?parent=234269"}],"wp:term":[{"taxonomy":"category","embeddable":true,"href":"https:\/\/rnoticias.com.mx\/Portal\/wp-json\/wp\/v2\/categories?post=234269"},{"taxonomy":"post_tag","embeddable":true,"href":"https:\/\/rnoticias.com.mx\/Portal\/wp-json\/wp\/v2\/tags?post=234269"}],"curies":[{"name":"wp","href":"https:\/\/api.w.org\/{rel}","templated":true}]}}