{"id":234258,"date":"2025-11-04T11:47:46","date_gmt":"2025-11-04T18:47:46","guid":{"rendered":"https:\/\/rnoticias.com.mx\/Portal\/?p=234258"},"modified":"2025-11-04T11:47:46","modified_gmt":"2025-11-04T18:47:46","slug":"beckham-es-nombrado-caballero-por-el-rey-carlos-iii","status":"publish","type":"post","link":"https:\/\/rnoticias.com.mx\/Portal\/2025\/11\/04\/beckham-es-nombrado-caballero-por-el-rey-carlos-iii\/","title":{"rendered":"Beckham es nombrado caballero por el rey Carlos III"},"content":{"rendered":"<p>David Beckham, exjugador del Manchester United y del Real Madrid, entre otros, y de la selecci\u00f3n inglesa,\u00a0<strong>ha sido coronado caballero por el rey Carlos III este martes por sus servicios al f\u00fatbol y a la sociedad brit\u00e1nica.<\/strong><\/p>\n<p>El exfutbolista de 50 a\u00f1os fue nominado en la lista de honores del rey las navidades pasadas y fue declarado caballero, es decir que portar\u00e1 el &#8216;Sir&#8217;, en una ceremonia celebrada este martes en Berkshire (Inglaterra).<\/p>\n<p><strong>&#8220;No podr\u00eda estar m\u00e1s orgulloso de eso. La gente sabe lo patri\u00f3tico que soy y lo mucho que amo a mi pa\u00eds. Siempre he dicho lo importante que es la monarqu\u00eda para mi familia.<\/strong>\u00a0He tenido mucha suerte durante mi vida de viajar alrededor del mundo y toda la gente quer\u00eda preguntarme sobre nuestra monarqu\u00eda. Eso me da mucho orgullo&#8221;, dijo Beckham.<\/p>\n<p><strong>Criado en la cantera del Manchester United, Beckham estuvo once a\u00f1os con los \u2018Red Devils\u2019 antes de marcharse en 2003 al Real Madrid tras haber ganado varias Premier League y una Champions League. No pudo replicar el \u00e9xito del United con los &#8216;blancos&#8217;,<\/strong>\u00a0con los que solo gan\u00f3 una liga espa\u00f1ola en los cuatro a\u00f1os que estuvo, pero dej\u00f3 un gran impacto en la capital madrile\u00f1a antes de irse al LA Galaxy.<\/p>\n<p>Durante su estancia en Los Angeles, Beckham vivi\u00f3 dos cesiones en el Milan y una en el Paris Saint Germain hasta que finaliz\u00f3 su carrera en 2013 y se convirti\u00f3 en propietario de una franquicia de la MLS, el actual Inter de Miami, que cuenta en sus filas con Leo Messi y Luis Su\u00e1rez.<\/p>\n<p><strong>A nivel internacional, Beckham jug\u00f3 115 partidos con Inglaterra, fue capit\u00e1n durante seis a\u00f1os y disput\u00f3 dos Copas del Mundo y dos Eurocopas.<\/strong><\/p>\n<p>Fuera de los terrenos de juego, adem\u00e1s de por su faceta de modelo, a Beckham se le ha conocido por sus acciones caritativas, siendo embajador de Unicef desde 2005.<\/p>\n<p>&nbsp;<\/p>\n<p>&nbsp;<\/p>\n<p>Fuente: EFE<\/p>\n","protected":false},"excerpt":{"rendered":"<p>David Beckham, exjugador del Manchester United y del Real Madrid, entre otros, y de la selecci\u00f3n inglesa,\u00a0ha sido coronado caballero por el rey Carlos III este martes por sus servicios al f\u00fatbol y a la sociedad brit\u00e1nica. El exfutbolista de 50 a\u00f1os fue nominado en la lista de honores del rey las navidades pasadas y [&hellip;]<\/p>\n","protected":false},"author":2,"featured_media":234259,"comment_status":"closed","ping_status":"closed","sticky":false,"template":"","format":"standard","meta":{"footnotes":""},"categories":[188,12870],"tags":[5231,12865],"class_list":["post-234258","post","type-post","status-publish","format-standard","has-post-thumbnail","hentry","category-deportes","category-destacadas","tag-deportes","tag-destacadas"],"jetpack_featured_media_url":"https:\/\/rnoticias.com.mx\/Portal\/wp-content\/uploads\/2025\/11\/UXW3MDZD3JC2DDHO7AQAM443KM.jpg","amp_enabled":true,"_links":{"self":[{"href":"https:\/\/rnoticias.com.mx\/Portal\/wp-json\/wp\/v2\/posts\/234258","targetHints":{"allow":["GET"]}}],"collection":[{"href":"https:\/\/rnoticias.com.mx\/Portal\/wp-json\/wp\/v2\/posts"}],"about":[{"href":"https:\/\/rnoticias.com.mx\/Portal\/wp-json\/wp\/v2\/types\/post"}],"author":[{"embeddable":true,"href":"https:\/\/rnoticias.com.mx\/Portal\/wp-json\/wp\/v2\/users\/2"}],"replies":[{"embeddable":true,"href":"https:\/\/rnoticias.com.mx\/Portal\/wp-json\/wp\/v2\/comments?post=234258"}],"version-history":[{"count":1,"href":"https:\/\/rnoticias.com.mx\/Portal\/wp-json\/wp\/v2\/posts\/234258\/revisions"}],"predecessor-version":[{"id":234260,"href":"https:\/\/rnoticias.com.mx\/Portal\/wp-json\/wp\/v2\/posts\/234258\/revisions\/234260"}],"wp:featuredmedia":[{"embeddable":true,"href":"https:\/\/rnoticias.com.mx\/Portal\/wp-json\/wp\/v2\/media\/234259"}],"wp:attachment":[{"href":"https:\/\/rnoticias.com.mx\/Portal\/wp-json\/wp\/v2\/media?parent=234258"}],"wp:term":[{"taxonomy":"category","embeddable":true,"href":"https:\/\/rnoticias.com.mx\/Portal\/wp-json\/wp\/v2\/categories?post=234258"},{"taxonomy":"post_tag","embeddable":true,"href":"https:\/\/rnoticias.com.mx\/Portal\/wp-json\/wp\/v2\/tags?post=234258"}],"curies":[{"name":"wp","href":"https:\/\/api.w.org\/{rel}","templated":true}]}}