{"id":234254,"date":"2025-11-04T11:40:46","date_gmt":"2025-11-04T18:40:46","guid":{"rendered":"https:\/\/rnoticias.com.mx\/Portal\/?p=234254"},"modified":"2025-11-04T11:40:46","modified_gmt":"2025-11-04T18:40:46","slug":"ine-boletin-303-avanza-ine-en-la-organizacion-del-proceso-electoral-de-coahuila","status":"publish","type":"post","link":"https:\/\/rnoticias.com.mx\/Portal\/2025\/11\/04\/ine-boletin-303-avanza-ine-en-la-organizacion-del-proceso-electoral-de-coahuila\/","title":{"rendered":"INE Bolet\u00edn 303-Avanza INE en la organizaci\u00f3n del Proceso Electoral de Coahuila"},"content":{"rendered":"<p class=\"x_MsoNormal\"><span data-olk-copy-source=\"MessageBody\">El Consejo General del Instituto Nacional Electoral (INE) contin\u00faa con la organizaci\u00f3n del Proceso Electoral de Coahuila, por lo que, en sesi\u00f3n extraordinaria, dio por recibido el Informe de seguimiento al Plan Integral y el Calendario de Coordinaci\u00f3n y ratific\u00f3 a las consejer\u00edas del Consejo Local para el Proceso Electoral Local 2025-2026.<\/span><\/p>\n<p class=\"x_MsoNormal\">\n<p class=\"x_MsoNormal\">El estado de Coahuila llevar\u00e1 a cabo su Jornada Electoral el 7 de junio de 2026, en la cual se elegir\u00e1n un total de 25 cargos, integrados por 16 diputaciones de Mayor\u00eda Relativa y nueve de Representaci\u00f3n Proporcional, que conformar\u00e1n la LXIV Legislatura del Congreso del Estado.<\/p>\n<p class=\"x_MsoNormal\">\n<p class=\"x_MsoNormal\">En sesi\u00f3n extraordinaria, el Consejero y presidente de la Comisi\u00f3n de Vinculaci\u00f3n con Organismos P\u00fablicos Locales, Jorge Monta\u00f1o Ventura detall\u00f3 que de las 328 actividades programadas en el calendario, se han iniciado 62 y hasta la fecha de corte, se han concluido 47, de las cuales, 40 son competencia del INE, seis del Instituto Electoral Local, y s\u00f3lo una actividad se ejecut\u00f3 fuera del plazo establecido.<\/p>\n<p class=\"x_MsoNormal\">\n<p class=\"x_MsoNormal\">Entre las actividades m\u00e1s relevantes se encuentran la emisi\u00f3n de la convocatoria para la ciudadan\u00eda que desea participar en la observaci\u00f3n electoral y la determinaci\u00f3n e implementaci\u00f3n del sistema \u00a1Candidatas, Candidatos, Con\u00f3celes!<\/p>\n<p class=\"x_MsoNormal\">\n<p class=\"x_MsoNormal\"><b><i>Se ratifica a consejeras y consejeros integrantes del Consejo Local<\/i><\/b><\/p>\n<p class=\"x_MsoNormal\"><b><i>\u00a0<\/i><\/b><\/p>\n<p class=\"x_MsoNormal\">Enseguida, el pleno ratific\u00f3 en su cargo a las consejeras y consejeros electorales, de las seis f\u00f3rmulas que integran el Consejo Local del INE en el estado de Coahuila de Zaragoza, para el Proceso Electoral Local 2025-2026, una vez que se verific\u00f3 que cumplen con los requisitos establecidos en la Ley.<\/p>\n<p class=\"x_MsoNormal\">\n<p class=\"x_MsoNormal\">En virtud de que las autoridades electorales de Coahuila de Zaragoza han previsto el inicio del Proceso Electoral Local respectivo en el mes de diciembre de 2025, resulta indispensable que los Consejos Local y Distritales del INE se instalen durante el a\u00f1o 2025.<\/p>\n<p class=\"x_MsoNormal\">\n<p class=\"x_MsoNormal\">La consejera y presidenta de la Comisi\u00f3n Temporal para el Seguimiento de los Procesos Electorales Locales, Dania Ravel Cuevas, subray\u00f3 que las y los consejeros ratificados rendir\u00e1n la protesta de ley en la sesi\u00f3n de instalaci\u00f3n del Consejo Local, programada para el pr\u00f3ximo 1 de noviembre.<\/p>\n<p class=\"x_MsoNormal\">\n<p class=\"x_MsoNormal\">\u201cLo anterior con el objetivo de que el INE fortalezca su presencia territorial, garantice la continuidad del trabajo profesional en los \u00f3rganos desconcentrados y asegure el desarrollo en Coahuila de un proceso electoral \u00edntegro, confiable y transparente\u201d, estableci\u00f3.<\/p>\n<p class=\"x_MsoNormal\">\n<p class=\"x_MsoNormal\"><b><i>Se avala el Sistema de registro de representaciones de partidos pol\u00edticos y candidaturas independientes<\/i><\/b><\/p>\n<p class=\"x_MsoNormal\"><b><i>\u00a0<\/i><\/b><\/p>\n<p class=\"x_MsoNormal\">Tambi\u00e9n, la autoridad electoral nacional aprob\u00f3 el Modelo para la operaci\u00f3n del Sistema de registro de solicitudes, sustituciones y acreditaci\u00f3n de representaciones generales y ante Mesas Directivas de Casilla de los partidos pol\u00edticos y candidaturas independientes en el estado de Coahuila para el Proceso Electoral Local 2025-2026 y, en su caso, para los procesos extraordinarios que deriven del mismo.<\/p>\n<p class=\"x_MsoNormal\">\n<p class=\"x_MsoNormal\">El sistema presenta diversas ventajas como permitir dos modalidades de captura: captura individual y carga por lotes en archivos de texto, admite la realizaci\u00f3n de cruces de informaci\u00f3n de las personas a acreditar con la red INE, a fin de dar cumplimiento al Reglamento de Elecciones que determina verificar en todo momento el estatus de las propuestas de representaci\u00f3n, adem\u00e1s de que otorga certeza.<\/p>\n<p class=\"x_MsoNormal\">\n<p class=\"x_MsoNormal\">Enseguida, el pleno aval\u00f3 el criterio de asignaci\u00f3n de tiempo para las autoridades electorales locales y federales durante el Proceso Electoral Local 2025-2026 en el estado de Coahuila de Zaragoza.<\/p>\n<p class=\"x_MsoNormal\"><b><i>\u00a0<\/i><\/b><\/p>\n<p class=\"x_MsoNormal\"><b><i>Se establecen los plazos para la fiscalizaci\u00f3n<\/i><\/b><\/p>\n<p class=\"x_MsoNormal\"><b><i>\u00a0<\/i><\/b><\/p>\n<p class=\"x_MsoNormal\">Finalmente, con el objetivo de dar certeza jur\u00eddica tanto a las posibles candidaturas, como a la ciudadan\u00eda que emitir\u00e1 su voto en este proceso electoral y garantizar que los resultados de la fiscalizaci\u00f3n se conozcan de forma oportuna para que los sujetos obligados, en su caso, act\u00faen en protecci\u00f3n de sus derechos electoral, se establecieron los plazos para la fiscalizaci\u00f3n de los informes de ingresos y gastos, correspondientes a los periodos de obtenci\u00f3n del apoyo de la ciudadan\u00eda, precampa\u00f1as y campa\u00f1as del Proceso Electoral Local Ordinario 2025-2026.<\/p>\n<p class=\"x_MsoNormal\">\n<p class=\"x_MsoNormal\"><b><i>Los OPL de Zacatecas y Yucat\u00e1n se encuentran en riesgo presupuestal alto<\/i><\/b><\/p>\n<p class=\"x_MsoNormal\"><b><i>\u00a0<\/i><\/b><\/p>\n<p class=\"x_MsoNormal\">En otros temas, consejeras y consejeros dieron por recibido el Informe sobre la situaci\u00f3n presupuestal de los Organismos P\u00fablicos Locales 2025, que da cuenta del estatus de cada uno de los \u00f3rganos electorales, conforme al nivel de riesgo establecido, considerando las ministraciones y solicitudes de ampliaci\u00f3n para gasto ordinario.<\/p>\n<p class=\"x_MsoNormal\">\n<p class=\"x_MsoNormal\">De esta forma, dos entidades se encuentran en nivel alto: Zacatecas y Yucat\u00e1n, derivado de los recortes presupuestales que tuvieron, mientras que cuatro OPL est\u00e1n en nivel medio, San Luis Potos\u00ed, Ciudad de M\u00e9xico, Guerrero y Veracruz.<\/p>\n<p class=\"x_MsoNormal\">\n<p class=\"x_MsoNormal\"><b><i>Aprueban el Programa Anual de Trabajo de la Comisi\u00f3n de Transparencia<\/i><\/b><\/p>\n<p class=\"x_MsoNormal\"><b><i>\u00a0<\/i><\/b><\/p>\n<p class=\"x_MsoNormal\">Al continuar con el desarrollo de la sesi\u00f3n, la autoridad electoral nacional aprob\u00f3 el Programa Anual de Trabajo de la Comisi\u00f3n Temporal de Transparencia, Acceso a la Informaci\u00f3n y Protecci\u00f3n de Datos Personales para el periodo 2025-2026, que tiene el objetivo de garantizar el cumplimiento de las obligaciones de transparencia, el ejercicio de los derechos humanos de acceso a la informaci\u00f3n p\u00fablica y la protecci\u00f3n de datos personales, a cargo de los partidos pol\u00edticos nacionales, como sujetos obligados\u00a0 de la Ley General de Transparencia y Acceso a la Informaci\u00f3n P\u00fablica y la Ley General de Protecci\u00f3n de Datos Personales en Posesi\u00f3n de sujetos obligados.<\/p>\n<p class=\"x_MsoNormal\">\n<p class=\"x_MsoNormal\">Asimismo, aval\u00f3 el Programa de Trabajo de la Comisi\u00f3n Temporal del Voto de las y los Mexicanos Residentes en el Extranjero, periodo del 3 de octubre de 2025 hasta la primera semana de septiembre de 2026.<\/p>\n<p class=\"x_MsoNormal\">\n<p class=\"x_MsoNormal\"><b><i>Asignan tiempo en radio y televisi\u00f3n a autoridades electorales<\/i><\/b><\/p>\n<p class=\"x_MsoNormal\"><b><i>\u00a0<\/i><\/b><\/p>\n<p class=\"x_MsoNormal\">En la sesi\u00f3n, se determin\u00f3 la asignaci\u00f3n de tiempo en radio y televisi\u00f3n para las autoridades electorales durante el primer trimestre del a\u00f1o 2026, correspondiente al per\u00edodo ordinario, de conformidad con los criterios espec\u00edficos siguientes:<\/p>\n<p class=\"x_MsoNormal\">\n<p class=\"x_MsoNormal\">a) A las autoridades electorales locales en las entidades en las que no se celebren elecciones locales, que presentaron oportunamente su solicitud, se les asignar\u00e1 un 25 % del tiempo disponible, el cual se distribuir\u00e1 en partes iguales y, el 75 % restante, se asignar\u00e1 al INE para el cumplimiento de sus fines.<\/p>\n<p class=\"x_MsoNormal\">\n<p class=\"x_MsoNormal\">b) A las autoridades electorales de las entidades federativas en las que se celebre alg\u00fan mecanismo de democracia directa o participativa que presentaron oportunamente su solicitud, del tiempo disponible se les asignar\u00e1 40 % al Instituto Nacional Electoral; 40 % al Organismo P\u00fablico Local Electoral y el 20 % restante se dividir\u00e1 en partes iguales entre las dem\u00e1s autoridades electorales locales.<\/p>\n<p class=\"x_MsoNormal\">\n<p class=\"x_MsoNormal\">Finalmente, consejeras y consejeros confirmaron dos recursos de inconformidad que fueron emitidos por la Junta General Ejecutiva y la Secretar\u00eda Ejecutiva, adem\u00e1s de que dieron cumplimiento a tres resoluciones y 11 sentencias de las Salas Superior y Regional Ciudad de M\u00e9xico, Guadalajara, Monterrey y Xalapa del Tribunal Electoral del Poder Judicial de la Federaci\u00f3n, en materia de fiscalizaci\u00f3n.<\/p>\n","protected":false},"excerpt":{"rendered":"<p>El Consejo General del Instituto Nacional Electoral (INE) contin\u00faa con la organizaci\u00f3n del Proceso Electoral de Coahuila, por lo que, en sesi\u00f3n extraordinaria, dio por recibido el Informe de seguimiento al Plan Integral y el Calendario de Coordinaci\u00f3n y ratific\u00f3 a las consejer\u00edas del Consejo Local para el Proceso Electoral Local 2025-2026. El estado de [&hellip;]<\/p>\n","protected":false},"author":2,"featured_media":234255,"comment_status":"closed","ping_status":"closed","sticky":false,"template":"","format":"standard","meta":{"footnotes":""},"categories":[12870,12868],"tags":[12865,12879],"class_list":["post-234254","post","type-post","status-publish","format-standard","has-post-thumbnail","hentry","category-destacadas","category-politica","tag-destacadas","tag-politica"],"jetpack_featured_media_url":"https:\/\/rnoticias.com.mx\/Portal\/wp-content\/uploads\/2025\/11\/WhatsApp-Image-2025-10-31-at-10.20.06-PM.jpeg","amp_enabled":true,"_links":{"self":[{"href":"https:\/\/rnoticias.com.mx\/Portal\/wp-json\/wp\/v2\/posts\/234254","targetHints":{"allow":["GET"]}}],"collection":[{"href":"https:\/\/rnoticias.com.mx\/Portal\/wp-json\/wp\/v2\/posts"}],"about":[{"href":"https:\/\/rnoticias.com.mx\/Portal\/wp-json\/wp\/v2\/types\/post"}],"author":[{"embeddable":true,"href":"https:\/\/rnoticias.com.mx\/Portal\/wp-json\/wp\/v2\/users\/2"}],"replies":[{"embeddable":true,"href":"https:\/\/rnoticias.com.mx\/Portal\/wp-json\/wp\/v2\/comments?post=234254"}],"version-history":[{"count":1,"href":"https:\/\/rnoticias.com.mx\/Portal\/wp-json\/wp\/v2\/posts\/234254\/revisions"}],"predecessor-version":[{"id":234257,"href":"https:\/\/rnoticias.com.mx\/Portal\/wp-json\/wp\/v2\/posts\/234254\/revisions\/234257"}],"wp:featuredmedia":[{"embeddable":true,"href":"https:\/\/rnoticias.com.mx\/Portal\/wp-json\/wp\/v2\/media\/234255"}],"wp:attachment":[{"href":"https:\/\/rnoticias.com.mx\/Portal\/wp-json\/wp\/v2\/media?parent=234254"}],"wp:term":[{"taxonomy":"category","embeddable":true,"href":"https:\/\/rnoticias.com.mx\/Portal\/wp-json\/wp\/v2\/categories?post=234254"},{"taxonomy":"post_tag","embeddable":true,"href":"https:\/\/rnoticias.com.mx\/Portal\/wp-json\/wp\/v2\/tags?post=234254"}],"curies":[{"name":"wp","href":"https:\/\/api.w.org\/{rel}","templated":true}]}}