{"id":234233,"date":"2025-11-03T21:16:02","date_gmt":"2025-11-04T04:16:02","guid":{"rendered":"https:\/\/rnoticias.com.mx\/Portal\/?p=234233"},"modified":"2025-11-03T21:16:02","modified_gmt":"2025-11-04T04:16:02","slug":"presidente-interino-de-peru-defiende-ruptura-de-relaciones-con-mexico","status":"publish","type":"post","link":"https:\/\/rnoticias.com.mx\/Portal\/2025\/11\/03\/presidente-interino-de-peru-defiende-ruptura-de-relaciones-con-mexico\/","title":{"rendered":"Presidente interino de Per\u00fa defiende ruptura de relaciones con M\u00e9xico"},"content":{"rendered":"<p>El presidente interino de Per\u00fa, Jos\u00e9 Jer\u00ed, defendi\u00f3 este lunes la decisi\u00f3n de su<strong>\u00a0Gobierno de romper las relaciones diplom\u00e1ticas con M\u00e9xico, despu\u00e9s de el pa\u00eds norteamericano otorgara asilo en su embajada a Betssy Ch\u00e1vez<\/strong>, ex primera ministra del izquierdista presidente Pedro Castillo (2021-2022), enjuiciada junto a \u00e9l por el fallido intento de golpe de Estado de finales de 2022.<\/p>\n<p><strong>&#8220;Decisiones firmes&#8221;,\u00a0<\/strong>se\u00f1al\u00f3 Jer\u00ed en la red social X al replicar el mensaje de la Presidencia de Per\u00fa, en el que se anunci\u00f3 la decisi\u00f3n del Ejecutivo de romper relaciones diplom\u00e1ticas con M\u00e9xico.<\/p>\n<p>El anuncio de la ruptura de las relaciones con M\u00e9xico fue realizado en una rueda de prensa por el ministro de Relaciones Exteriores de Per\u00fa, Hugo De Zela,\u00a0<strong>&#8220;frente a este acto inamistoso y teniendo en cuenta las reiteradas acciones en que el actual y el anterior presidente de ese pa\u00eds (Claudia Sheinbaum y Andr\u00e9s Manuel L\u00f3pez Obrador, respectivamente) han intervenido en los asuntos internos del Per\u00fa&#8221;.<\/strong><\/p>\n<p>Tanto Sheinbaum como previamente L\u00f3pez Obrador han exigido en varias oportunidades la libertad de Castillo al considerar que fue este quien en realidad sufri\u00f3 un golpe de Estado que atribuyen a los grupos de poder peruanos que dominan el Congreso.<\/p>\n<p>De Zela sostuvo que el Gobierno peruano conoci\u00f3 hoy\u00a0<strong>&#8220;con sorpresa y con profundo pesar que la expremier Betssy Ch\u00e1vez, presunta coautora del golpe de Estado que pretendi\u00f3 dar el expresidente Pedro Castillo&#8221;<\/strong>\u00a0se encuentra en la embajada del pa\u00eds norteamericano.<\/p>\n<p><strong>&#8220;Quiero lamentar profundamente que el Gobierno mexicano persista en su equivocada e inaceptable posici\u00f3n, que ha llegado al punto de obligarnos a romper relaciones diplom\u00e1ticas con un pa\u00eds con el cual hasta antes de estos hechos ten\u00edamos una relaci\u00f3n fraternal y m\u00faltiples coincidencias&#8221;,<\/strong>\u00a0remarc\u00f3.<\/p>\n<p>El canciller aclar\u00f3 que la ruptura de las relaciones diplom\u00e1ticas\u00a0<strong>&#8220;no significa&#8221; que se hayan &#8220;roto relaciones consulares&#8221;<\/strong>\u00a0con M\u00e9xico.<\/p>\n<p>De Zela tambi\u00e9n dijo que ahora lo que &#8220;<strong>tiene que ocurrir es recibir una comunicaci\u00f3n formal del gobierno de M\u00e9xico para dar inicio al proceso&#8221;<\/strong>\u00a0del eventual asilo para Ch\u00e1vez, algo que a\u00fan no ha sucedido, seg\u00fan precis\u00f3.<\/p>\n<p>Betssy Ch\u00e1vez est\u00e1 acusada junto a Castillo de rebeli\u00f3n en el juicio por el fallido intento de golpe de Estado que dio el 7 de diciembre de 2022 el entonces presidente Pedro Castillo, de quien era primera ministra.<\/p>\n<p>La entonces presidenta del Consejo de Ministros estuvo detr\u00e1s de la c\u00e1mara mientras Castillo pronunciaba un mensaje a la naci\u00f3n donde ordenaba cerrar el Congreso e intervenir la Judicatura para gobernar temporalmente por decretos, ante el temor de una moci\u00f3n de censura en el Congreso tras revelarse indicios de presunta corrupci\u00f3n en su administraci\u00f3n que le salpicaban directamente a \u00e9l.<\/p>\n<p>El Tribunal Constitucional (TC) orden\u00f3 a inicios de septiembre su excarcelaci\u00f3n inmediata al determinar que hab\u00eda sido v\u00edctima de una detenci\u00f3n arbitraria cuando la Fiscal\u00eda no solicit\u00f3 a tiempo la ampliaci\u00f3n de su prisi\u00f3n preventiva, en la que permanec\u00eda desde junio de 2023.<\/p>\n","protected":false},"excerpt":{"rendered":"<p>El presidente interino de Per\u00fa, Jos\u00e9 Jer\u00ed, defendi\u00f3 este lunes la decisi\u00f3n de su\u00a0Gobierno de romper las relaciones diplom\u00e1ticas con M\u00e9xico, despu\u00e9s de el pa\u00eds norteamericano otorgara asilo en su embajada a Betssy Ch\u00e1vez, ex primera ministra del izquierdista presidente Pedro Castillo (2021-2022), enjuiciada junto a \u00e9l por el fallido intento de golpe de Estado [&hellip;]<\/p>\n","protected":false},"author":2,"featured_media":234234,"comment_status":"closed","ping_status":"closed","sticky":false,"template":"","format":"standard","meta":{"footnotes":""},"categories":[12870,182],"tags":[12865,12871],"class_list":["post-234233","post","type-post","status-publish","format-standard","has-post-thumbnail","hentry","category-destacadas","category-internacional","tag-destacadas","tag-internacional"],"jetpack_featured_media_url":"https:\/\/rnoticias.com.mx\/Portal\/wp-content\/uploads\/2025\/11\/69096b0b9f439.jpg","amp_enabled":true,"_links":{"self":[{"href":"https:\/\/rnoticias.com.mx\/Portal\/wp-json\/wp\/v2\/posts\/234233","targetHints":{"allow":["GET"]}}],"collection":[{"href":"https:\/\/rnoticias.com.mx\/Portal\/wp-json\/wp\/v2\/posts"}],"about":[{"href":"https:\/\/rnoticias.com.mx\/Portal\/wp-json\/wp\/v2\/types\/post"}],"author":[{"embeddable":true,"href":"https:\/\/rnoticias.com.mx\/Portal\/wp-json\/wp\/v2\/users\/2"}],"replies":[{"embeddable":true,"href":"https:\/\/rnoticias.com.mx\/Portal\/wp-json\/wp\/v2\/comments?post=234233"}],"version-history":[{"count":1,"href":"https:\/\/rnoticias.com.mx\/Portal\/wp-json\/wp\/v2\/posts\/234233\/revisions"}],"predecessor-version":[{"id":234235,"href":"https:\/\/rnoticias.com.mx\/Portal\/wp-json\/wp\/v2\/posts\/234233\/revisions\/234235"}],"wp:featuredmedia":[{"embeddable":true,"href":"https:\/\/rnoticias.com.mx\/Portal\/wp-json\/wp\/v2\/media\/234234"}],"wp:attachment":[{"href":"https:\/\/rnoticias.com.mx\/Portal\/wp-json\/wp\/v2\/media?parent=234233"}],"wp:term":[{"taxonomy":"category","embeddable":true,"href":"https:\/\/rnoticias.com.mx\/Portal\/wp-json\/wp\/v2\/categories?post=234233"},{"taxonomy":"post_tag","embeddable":true,"href":"https:\/\/rnoticias.com.mx\/Portal\/wp-json\/wp\/v2\/tags?post=234233"}],"curies":[{"name":"wp","href":"https:\/\/api.w.org\/{rel}","templated":true}]}}