{"id":234230,"date":"2025-11-03T21:12:28","date_gmt":"2025-11-04T04:12:28","guid":{"rendered":"https:\/\/rnoticias.com.mx\/Portal\/?p=234230"},"modified":"2025-11-03T21:12:28","modified_gmt":"2025-11-04T04:12:28","slug":"mexico-confirma-a-peru-decision-de-otorgar-asilo-a-exprimera-ministra-de-castillo","status":"publish","type":"post","link":"https:\/\/rnoticias.com.mx\/Portal\/2025\/11\/03\/mexico-confirma-a-peru-decision-de-otorgar-asilo-a-exprimera-ministra-de-castillo\/","title":{"rendered":"M\u00e9xico confirma a Per\u00fa decisi\u00f3n de otorgar asilo a exprimera ministra de Castillo"},"content":{"rendered":"<p><strong>El Gobierno de M\u00e9xico le confirm\u00f3 a Per\u00fa su decisi\u00f3n de otorgar asilo diplom\u00e1tico a la ex primera ministra peruana Betssy Ch\u00e1vez, quien es enjuiciada junto con el expresidente Pedro Castillo por el fallido intento de golpe de Estado de finales de 2022,<\/strong>\u00a0confirm\u00f3 este lunes la Canciller\u00eda del pa\u00eds andino.<\/p>\n<p><strong>&#8220;En un acto inamistoso que se suma a la serie de acciones de injerencia inaceptables del Gobierno mexicano hacia Per\u00fa, la Embajada de ese pa\u00eds en Lima ha informado en la fecha que su Gobierno ha concedido asilo diplom\u00e1tico a la se\u00f1ora Betssy Ch\u00e1vez&#8221;,<\/strong>\u00a0se\u00f1al\u00f3 un comunicado oficial que tambi\u00e9n confirm\u00f3 la decisi\u00f3n del Gobierno peruano de romper relaciones diplom\u00e1ticas con M\u00e9xico.<\/p>\n<p>Esta \u00faltima medida hab\u00eda sido anunciada poco antes por el canciller peruano, Hugo de Zela, quien sostuvo que se iba a esperar a\u00a0<strong>&#8220;recibir una comunicaci\u00f3n formal del gobierno de M\u00e9xico para dar inicio al proceso&#8221;\u00a0<\/strong>del eventual asilo para Ch\u00e1vez, algo que a\u00fan no hab\u00eda sucedido, seg\u00fan dijo el funcionario.<\/p>\n<p>El comunicado oficial a\u00f1adi\u00f3 que la decisi\u00f3n tomada por el Gobierno de la presidenta Claudia Sheinbaum<strong>\u00a0&#8220;evidencia la profunda falta de inter\u00e9s del Gobierno de M\u00e9xico por mantener una relaci\u00f3n con Per\u00fa&#8221;.<\/strong><\/p>\n<p><strong>&#8220;El Per\u00fa, estado democr\u00e1tico de derecho que act\u00faa con estricto apego al derecho internacional, de manera consistente, proceder\u00e1 en la presente situaci\u00f3n de conformidad con la Convenci\u00f3n de Viena sobre Relaciones Diplom\u00e1ticas de 1961 y otras normas internacionales que fueran pertinentes&#8221;,\u00a0<\/strong>concluy\u00f3.<\/p>\n<p>Al anunciar la decisi\u00f3n de romper relaciones diplom\u00e1ticas con M\u00e9xico, el canciller aclar\u00f3 que la ruptura<strong>\u00a0&#8220;no significa&#8221; que se hayan &#8220;roto relaciones consulares&#8221;\u00a0<\/strong>con M\u00e9xico.<\/p>\n<p>Descart\u00f3, adem\u00e1s, que una ruptura de relaciones pueda llevar a una posible intervenci\u00f3n en la sede de la embajada mexicana similar a lo ocurrido en Ecuador el a\u00f1o pasado donde se detuvo al exvicepresidente corre\u00edsta Jorge Glas, ya que, seg\u00fan dijo De Zela<strong>, &#8220;Per\u00fa es un pa\u00eds respetuoso del derecho internacional y una acci\u00f3n de este tipo no est\u00e1 prevista en ninguna norma del derecho internacional&#8221;.<\/strong><\/p>\n<p>Ch\u00e1vez est\u00e1 acusada junto a Castillo por su presunta participaci\u00f3n en el fallido intento de golpe de Estado que dio el 7 de diciembre de 2022 el entonces presidente Pedro Castillo, de quien era primera ministra.<\/p>\n<p><strong>La pol\u00edtica fue liberada a inicios de septiembre pasado mientras se encontraba en una cl\u00ednica de Lima, en la que fue internada por presentar signos de deshidrataci\u00f3n tras una huelga de hambre que mantuvo durante 12 d\u00edas en la prisi\u00f3n en la que estuvo detenida desde junio de 2023.<\/strong><\/p>\n<p>El Tribunal Constitucional (TC) hab\u00eda ordenado poco antes su excarcelaci\u00f3n inmediata al determinar que\u00a0<strong>hab\u00eda sido v\u00edctima de una detenci\u00f3n arbitraria cuando la Fiscal\u00eda no solicit\u00f3 a tiempo la ampliaci\u00f3n de su prisi\u00f3n preventiva.<\/strong><\/p>\n<p>&nbsp;<\/p>\n<p>Fuente: EFE<\/p>\n","protected":false},"excerpt":{"rendered":"<p>El Gobierno de M\u00e9xico le confirm\u00f3 a Per\u00fa su decisi\u00f3n de otorgar asilo diplom\u00e1tico a la ex primera ministra peruana Betssy Ch\u00e1vez, quien es enjuiciada junto con el expresidente Pedro Castillo por el fallido intento de golpe de Estado de finales de 2022,\u00a0confirm\u00f3 este lunes la Canciller\u00eda del pa\u00eds andino. &#8220;En un acto inamistoso que [&hellip;]<\/p>\n","protected":false},"author":2,"featured_media":234231,"comment_status":"closed","ping_status":"closed","sticky":false,"template":"","format":"standard","meta":{"footnotes":""},"categories":[12870,172],"tags":[12865,12874],"class_list":["post-234230","post","type-post","status-publish","format-standard","has-post-thumbnail","hentry","category-destacadas","category-nacional","tag-destacadas","tag-nacional"],"jetpack_featured_media_url":"https:\/\/rnoticias.com.mx\/Portal\/wp-content\/uploads\/2025\/11\/f960x540-322959_397034_5050.webp","amp_enabled":true,"_links":{"self":[{"href":"https:\/\/rnoticias.com.mx\/Portal\/wp-json\/wp\/v2\/posts\/234230","targetHints":{"allow":["GET"]}}],"collection":[{"href":"https:\/\/rnoticias.com.mx\/Portal\/wp-json\/wp\/v2\/posts"}],"about":[{"href":"https:\/\/rnoticias.com.mx\/Portal\/wp-json\/wp\/v2\/types\/post"}],"author":[{"embeddable":true,"href":"https:\/\/rnoticias.com.mx\/Portal\/wp-json\/wp\/v2\/users\/2"}],"replies":[{"embeddable":true,"href":"https:\/\/rnoticias.com.mx\/Portal\/wp-json\/wp\/v2\/comments?post=234230"}],"version-history":[{"count":1,"href":"https:\/\/rnoticias.com.mx\/Portal\/wp-json\/wp\/v2\/posts\/234230\/revisions"}],"predecessor-version":[{"id":234232,"href":"https:\/\/rnoticias.com.mx\/Portal\/wp-json\/wp\/v2\/posts\/234230\/revisions\/234232"}],"wp:featuredmedia":[{"embeddable":true,"href":"https:\/\/rnoticias.com.mx\/Portal\/wp-json\/wp\/v2\/media\/234231"}],"wp:attachment":[{"href":"https:\/\/rnoticias.com.mx\/Portal\/wp-json\/wp\/v2\/media?parent=234230"}],"wp:term":[{"taxonomy":"category","embeddable":true,"href":"https:\/\/rnoticias.com.mx\/Portal\/wp-json\/wp\/v2\/categories?post=234230"},{"taxonomy":"post_tag","embeddable":true,"href":"https:\/\/rnoticias.com.mx\/Portal\/wp-json\/wp\/v2\/tags?post=234230"}],"curies":[{"name":"wp","href":"https:\/\/api.w.org\/{rel}","templated":true}]}}