{"id":234224,"date":"2025-11-03T21:07:34","date_gmt":"2025-11-04T04:07:34","guid":{"rendered":"https:\/\/rnoticias.com.mx\/Portal\/?p=234224"},"modified":"2025-11-03T21:07:34","modified_gmt":"2025-11-04T04:07:34","slug":"canacope-hermosillo-llama-a-fortalecer-medidas-de-seguridad-en-los-comercios-tras-tragedia-del-sabado","status":"publish","type":"post","link":"https:\/\/rnoticias.com.mx\/Portal\/2025\/11\/03\/canacope-hermosillo-llama-a-fortalecer-medidas-de-seguridad-en-los-comercios-tras-tragedia-del-sabado\/","title":{"rendered":"Canacope Hermosillo llama a fortalecer medidas de seguridad en los comercios tras tragedia del s\u00e1bado"},"content":{"rendered":"<p>Luego del tr\u00e1gico incidente ocurrido el pasado s\u00e1bado, que dej\u00f3 consecuencias fatales, el presidente de la C\u00e1mara Nacional de Peque\u00f1o Comercio (Canacope) Hermosillo, Mart\u00edn Zalazar Zazueta, expres\u00f3 sus condolencias y solidaridad con las familias afectadas, adem\u00e1s de reconocer la labor de los cuerpos de emergencia, bomberos y personal m\u00e9dico que atendieron el siniestro con profesionalismo.<\/p>\n<p>&nbsp;<\/p>\n<p>Destac\u00f3 que, como c\u00e1mara, trabajan en coordinaci\u00f3n con el Ayuntamiento de Hermosillo para que los comercios se regularicen en materia de Protecci\u00f3n Civil y obtengan su licencia de funcionamiento, requisito obligatorio que contempla documentos como el uso de suelo, planos el\u00e9ctricos y estructurales supervisados por profesionales autorizados.<\/p>\n<p>&nbsp;<\/p>\n<p>\u201cEsta es una obligaci\u00f3n desde hace ya algunos a\u00f1os que todo el comercio cumpla con la licencia de funcionamiento, pero yo creo que la gran mayor\u00eda no lo tenemos, y es una obligaci\u00f3n que debemos de tener. Entonces estamos trabajando en eso como c\u00e1maras, ya como te comentaba,\u00a0tenemos algunas reuniones con el ayuntamiento para llevar a cabo la licencia de funcionamiento\u201d, coment\u00f3.<\/p>\n<p>&nbsp;<\/p>\n<p>Record\u00f3 que cada establecimiento debe contar con medidas b\u00e1sicas como extintores y salidas de emergencia, y exhort\u00f3 a la ciudadan\u00eda a reportar cualquier irregularidad.<\/p>\n<p>&nbsp;<\/p>\n<p>&nbsp;<\/p>\n","protected":false},"excerpt":{"rendered":"<p>Luego del tr\u00e1gico incidente ocurrido el pasado s\u00e1bado, que dej\u00f3 consecuencias fatales, el presidente de la C\u00e1mara Nacional de Peque\u00f1o Comercio (Canacope) Hermosillo, Mart\u00edn Zalazar Zazueta, expres\u00f3 sus condolencias y solidaridad con las familias afectadas, adem\u00e1s de reconocer la labor de los cuerpos de emergencia, bomberos y personal m\u00e9dico que atendieron el siniestro con profesionalismo. [&hellip;]<\/p>\n","protected":false},"author":2,"featured_media":234225,"comment_status":"closed","ping_status":"closed","sticky":false,"template":"","format":"standard","meta":{"footnotes":""},"categories":[12870,178],"tags":[12865,12869],"class_list":["post-234224","post","type-post","status-publish","format-standard","has-post-thumbnail","hentry","category-destacadas","category-local","tag-destacadas","tag-local"],"jetpack_featured_media_url":"https:\/\/rnoticias.com.mx\/Portal\/wp-content\/uploads\/2025\/11\/incendio_waldos.jpg_1103262657.webp","amp_enabled":true,"_links":{"self":[{"href":"https:\/\/rnoticias.com.mx\/Portal\/wp-json\/wp\/v2\/posts\/234224","targetHints":{"allow":["GET"]}}],"collection":[{"href":"https:\/\/rnoticias.com.mx\/Portal\/wp-json\/wp\/v2\/posts"}],"about":[{"href":"https:\/\/rnoticias.com.mx\/Portal\/wp-json\/wp\/v2\/types\/post"}],"author":[{"embeddable":true,"href":"https:\/\/rnoticias.com.mx\/Portal\/wp-json\/wp\/v2\/users\/2"}],"replies":[{"embeddable":true,"href":"https:\/\/rnoticias.com.mx\/Portal\/wp-json\/wp\/v2\/comments?post=234224"}],"version-history":[{"count":1,"href":"https:\/\/rnoticias.com.mx\/Portal\/wp-json\/wp\/v2\/posts\/234224\/revisions"}],"predecessor-version":[{"id":234226,"href":"https:\/\/rnoticias.com.mx\/Portal\/wp-json\/wp\/v2\/posts\/234224\/revisions\/234226"}],"wp:featuredmedia":[{"embeddable":true,"href":"https:\/\/rnoticias.com.mx\/Portal\/wp-json\/wp\/v2\/media\/234225"}],"wp:attachment":[{"href":"https:\/\/rnoticias.com.mx\/Portal\/wp-json\/wp\/v2\/media?parent=234224"}],"wp:term":[{"taxonomy":"category","embeddable":true,"href":"https:\/\/rnoticias.com.mx\/Portal\/wp-json\/wp\/v2\/categories?post=234224"},{"taxonomy":"post_tag","embeddable":true,"href":"https:\/\/rnoticias.com.mx\/Portal\/wp-json\/wp\/v2\/tags?post=234224"}],"curies":[{"name":"wp","href":"https:\/\/api.w.org\/{rel}","templated":true}]}}