{"id":234218,"date":"2025-11-03T21:02:17","date_gmt":"2025-11-04T04:02:17","guid":{"rendered":"https:\/\/rnoticias.com.mx\/Portal\/?p=234218"},"modified":"2025-11-03T21:02:17","modified_gmt":"2025-11-04T04:02:17","slug":"comerciantes-lamentan-tragedia-y-piden-fortalecer-medidas-de-seguridad-en-el-centro-de-hermosillo","status":"publish","type":"post","link":"https:\/\/rnoticias.com.mx\/Portal\/2025\/11\/03\/comerciantes-lamentan-tragedia-y-piden-fortalecer-medidas-de-seguridad-en-el-centro-de-hermosillo\/","title":{"rendered":"Comerciantes lamentan tragedia y piden fortalecer medidas de seguridad en el Centro de Hermosillo"},"content":{"rendered":"<p>Hermosillo, Sonora. El incendio registrado en una tienda del primer cuadro de la ciudad, que dej\u00f3 23 v\u00edctimas mortales, ha causado profunda consternaci\u00f3n entre los locatarios del Centro Hist\u00f3rico de Hermosillo.<\/p>\n<p>&nbsp;<\/p>\n<p>Carlos Roberto Faz Guti\u00e9rrez, presidente del Patronato Pro Obras del Centro Hist\u00f3rico y Comercial, expres\u00f3 su pesar por el siniestro y se\u00f1al\u00f3 que el suceso representa un golpe muy fuerte para la comunidad y para la imagen de una zona que, asegur\u00f3, siempre se ha distinguido por su seguridad.<\/p>\n<p>&nbsp;<\/p>\n<p>\u201cDe acuerdo con la informaci\u00f3n preliminar que hemos recibido, el fuego habr\u00eda iniciado en el \u00e1rea del centro de carga de la tienda afectada, aunque ser\u00e1 responsabilidad de las autoridades determinar la causa exacta del incendio\u201d, dijo.<\/p>\n<p>&nbsp;<\/p>\n<p>El representante de los comerciantes inform\u00f3 adem\u00e1s que al menos tres negocios cercanos resultaron con da\u00f1os debido a la filtraci\u00f3n de humo que afect\u00f3 mercanc\u00edas y mobiliario.<\/p>\n<p>&nbsp;<\/p>\n<p>\u201cEstamos de luto, el centro siempre ha sido un lugar seguro y esto nos duele profundamente\u201d, manifest\u00f3.<\/p>\n<p>&nbsp;<\/p>\n","protected":false},"excerpt":{"rendered":"<p>Hermosillo, Sonora. El incendio registrado en una tienda del primer cuadro de la ciudad, que dej\u00f3 23 v\u00edctimas mortales, ha causado profunda consternaci\u00f3n entre los locatarios del Centro Hist\u00f3rico de Hermosillo. &nbsp; Carlos Roberto Faz Guti\u00e9rrez, presidente del Patronato Pro Obras del Centro Hist\u00f3rico y Comercial, expres\u00f3 su pesar por el siniestro y se\u00f1al\u00f3 que [&hellip;]<\/p>\n","protected":false},"author":2,"featured_media":234219,"comment_status":"closed","ping_status":"closed","sticky":false,"template":"","format":"standard","meta":{"footnotes":""},"categories":[12870,178],"tags":[12865,12869],"class_list":["post-234218","post","type-post","status-publish","format-standard","has-post-thumbnail","hentry","category-destacadas","category-local","tag-destacadas","tag-local"],"jetpack_featured_media_url":"https:\/\/rnoticias.com.mx\/Portal\/wp-content\/uploads\/2025\/11\/285519772.png","amp_enabled":true,"_links":{"self":[{"href":"https:\/\/rnoticias.com.mx\/Portal\/wp-json\/wp\/v2\/posts\/234218","targetHints":{"allow":["GET"]}}],"collection":[{"href":"https:\/\/rnoticias.com.mx\/Portal\/wp-json\/wp\/v2\/posts"}],"about":[{"href":"https:\/\/rnoticias.com.mx\/Portal\/wp-json\/wp\/v2\/types\/post"}],"author":[{"embeddable":true,"href":"https:\/\/rnoticias.com.mx\/Portal\/wp-json\/wp\/v2\/users\/2"}],"replies":[{"embeddable":true,"href":"https:\/\/rnoticias.com.mx\/Portal\/wp-json\/wp\/v2\/comments?post=234218"}],"version-history":[{"count":1,"href":"https:\/\/rnoticias.com.mx\/Portal\/wp-json\/wp\/v2\/posts\/234218\/revisions"}],"predecessor-version":[{"id":234220,"href":"https:\/\/rnoticias.com.mx\/Portal\/wp-json\/wp\/v2\/posts\/234218\/revisions\/234220"}],"wp:featuredmedia":[{"embeddable":true,"href":"https:\/\/rnoticias.com.mx\/Portal\/wp-json\/wp\/v2\/media\/234219"}],"wp:attachment":[{"href":"https:\/\/rnoticias.com.mx\/Portal\/wp-json\/wp\/v2\/media?parent=234218"}],"wp:term":[{"taxonomy":"category","embeddable":true,"href":"https:\/\/rnoticias.com.mx\/Portal\/wp-json\/wp\/v2\/categories?post=234218"},{"taxonomy":"post_tag","embeddable":true,"href":"https:\/\/rnoticias.com.mx\/Portal\/wp-json\/wp\/v2\/tags?post=234218"}],"curies":[{"name":"wp","href":"https:\/\/api.w.org\/{rel}","templated":true}]}}