{"id":234212,"date":"2025-11-03T15:59:13","date_gmt":"2025-11-03T22:59:13","guid":{"rendered":"https:\/\/rnoticias.com.mx\/Portal\/?p=234212"},"modified":"2025-11-03T15:59:13","modified_gmt":"2025-11-03T22:59:13","slug":"iglesia-de-hermosillo-ofrece-acompanamiento-a-familias-en-duelo-por-caso-waldos","status":"publish","type":"post","link":"https:\/\/rnoticias.com.mx\/Portal\/2025\/11\/03\/iglesia-de-hermosillo-ofrece-acompanamiento-a-familias-en-duelo-por-caso-waldos\/","title":{"rendered":"Iglesia de Hermosillo ofrece acompa\u00f1amiento a familias en duelo por caso Waldos"},"content":{"rendered":"<p>Hermosillo, Sonora. Ante los recientes acontecimientos que han generado dolor en la comunidad, la Iglesia de Hermosillo puso a disposici\u00f3n de la ciudadan\u00eda un centro de escucha ubicado en la Catedral, as\u00ed como grupos de duelo presenciales y virtuales, con el prop\u00f3sito de brindar acompa\u00f1amiento y consuelo a quienes enfrentan la p\u00e9rdida de un ser querido.<\/p>\n<p>&nbsp;<\/p>\n<p>El padre Mart\u00edn Hern\u00e1ndez inform\u00f3 que este servicio es gratuito y est\u00e1 dirigido a todas las personas que necesiten apoyo emocional y espiritual.<\/p>\n<p>&nbsp;<\/p>\n<p>\u201cLa Iglesia camina con sus hijos en momentos de alegr\u00eda, pero tambi\u00e9n en los de angustia y tristeza. Queremos acompa\u00f1ar en el dolor a tantos que est\u00e1n sufriendo en estos momentos\u201d, expres\u00f3.<\/p>\n<p>&nbsp;<\/p>\n<p>El sacerdote explic\u00f3 que el grupo presencial se re\u00fane los jueves a las 8:00 de la noche, mientras que el acompa\u00f1amiento virtual se ofrece a quienes no pueden asistir f\u00edsicamente.<\/p>\n<p>&nbsp;<\/p>\n<p>\u201cOjal\u00e1 este espacio ayude a mitigar el dolor y a fortalecer la esperanza ante la p\u00e9rdida de nuestros seres queridos\u201d, agreg\u00f3.<\/p>\n<p>&nbsp;<\/p>\n","protected":false},"excerpt":{"rendered":"<p>Hermosillo, Sonora. Ante los recientes acontecimientos que han generado dolor en la comunidad, la Iglesia de Hermosillo puso a disposici\u00f3n de la ciudadan\u00eda un centro de escucha ubicado en la Catedral, as\u00ed como grupos de duelo presenciales y virtuales, con el prop\u00f3sito de brindar acompa\u00f1amiento y consuelo a quienes enfrentan la p\u00e9rdida de un ser [&hellip;]<\/p>\n","protected":false},"author":2,"featured_media":234213,"comment_status":"closed","ping_status":"closed","sticky":false,"template":"","format":"standard","meta":{"footnotes":""},"categories":[12870,178],"tags":[12865,12869],"class_list":["post-234212","post","type-post","status-publish","format-standard","has-post-thumbnail","hentry","category-destacadas","category-local","tag-destacadas","tag-local"],"jetpack_featured_media_url":"https:\/\/rnoticias.com.mx\/Portal\/wp-content\/uploads\/2025\/11\/Catedral.jpg","amp_enabled":true,"_links":{"self":[{"href":"https:\/\/rnoticias.com.mx\/Portal\/wp-json\/wp\/v2\/posts\/234212","targetHints":{"allow":["GET"]}}],"collection":[{"href":"https:\/\/rnoticias.com.mx\/Portal\/wp-json\/wp\/v2\/posts"}],"about":[{"href":"https:\/\/rnoticias.com.mx\/Portal\/wp-json\/wp\/v2\/types\/post"}],"author":[{"embeddable":true,"href":"https:\/\/rnoticias.com.mx\/Portal\/wp-json\/wp\/v2\/users\/2"}],"replies":[{"embeddable":true,"href":"https:\/\/rnoticias.com.mx\/Portal\/wp-json\/wp\/v2\/comments?post=234212"}],"version-history":[{"count":1,"href":"https:\/\/rnoticias.com.mx\/Portal\/wp-json\/wp\/v2\/posts\/234212\/revisions"}],"predecessor-version":[{"id":234214,"href":"https:\/\/rnoticias.com.mx\/Portal\/wp-json\/wp\/v2\/posts\/234212\/revisions\/234214"}],"wp:featuredmedia":[{"embeddable":true,"href":"https:\/\/rnoticias.com.mx\/Portal\/wp-json\/wp\/v2\/media\/234213"}],"wp:attachment":[{"href":"https:\/\/rnoticias.com.mx\/Portal\/wp-json\/wp\/v2\/media?parent=234212"}],"wp:term":[{"taxonomy":"category","embeddable":true,"href":"https:\/\/rnoticias.com.mx\/Portal\/wp-json\/wp\/v2\/categories?post=234212"},{"taxonomy":"post_tag","embeddable":true,"href":"https:\/\/rnoticias.com.mx\/Portal\/wp-json\/wp\/v2\/tags?post=234212"}],"curies":[{"name":"wp","href":"https:\/\/api.w.org\/{rel}","templated":true}]}}