{"id":234197,"date":"2025-11-03T12:55:46","date_gmt":"2025-11-03T19:55:46","guid":{"rendered":"https:\/\/rnoticias.com.mx\/Portal\/?p=234197"},"modified":"2025-11-03T12:55:46","modified_gmt":"2025-11-03T19:55:46","slug":"desaparece-alejandro-correa-exalcalde-de-michoacan-emiten-ficha-de-busqueda","status":"publish","type":"post","link":"https:\/\/rnoticias.com.mx\/Portal\/2025\/11\/03\/desaparece-alejandro-correa-exalcalde-de-michoacan-emiten-ficha-de-busqueda\/","title":{"rendered":"Desaparece Alejandro Correa, exalcalde de Michoac\u00e1n; emiten ficha de b\u00fasqueda"},"content":{"rendered":"<p>La\u00a0<strong>Fiscal\u00eda General del Estado de Michoac\u00e1n<\/strong>\u00a0(FGE) reporta la desaparici\u00f3n de\u00a0<strong>Alejandro Correa G\u00f3mez<\/strong>, expresidente municipal de\u00a0<strong>Zinap\u00e9cuaro<\/strong>, quien fue visto por \u00faltima vez la madrugada del 2 de noviembre en Tierras Coloradas, en el municipio de\u00a0<strong>Hidalgo<\/strong>.<\/p>\n<p>La FGE mantiene activa una\u00a0<strong>alerta de b\u00fasqueda<\/strong>\u00a0para localizar a Correa G\u00f3mez, quien naci\u00f3 el 31 de marzo de 1984 y actualmente tiene 41 a\u00f1os, de acuerdo con la informaci\u00f3n de la ficha de b\u00fasqueda. Cabe mencionar que, horas antes de su desaparici\u00f3n, Alejandro Correa hab\u00eda mostrado su indignaci\u00f3n por el asesinato de\u00a0<strong>Carlos Manzo<\/strong>, alcalde de Uruapan, justo en el lugar donde sucedi\u00f3 el ataque.<\/p>\n<p>Entre sus se\u00f1as particulares destacan sus tatuajes: uno en el antebrazo derecho con la frase \u201cMAM\u00c1\u201d, otro en el mismo brazo que dice \u201cNO TEMAS PORQUE YO ESTOY CONTIGO\u201d (Isa\u00edas 41:10), la figura de un ave f\u00e9nix en la cadera derecha y la leyenda \u201cTODO LO PUEDO EN CRISTO\u201d en el pecho. Al momento de su\u00a0<strong>desaparici\u00f3n<\/strong>\u00a0vest\u00eda una camisa a cuadros azul, chaleco gris y sombrero beige.<\/p>\n<p>La fiscal\u00eda advierte que se teme por la integridad del exalcalde porque podr\u00eda ser v\u00edctima de alg\u00fan delito, por lo que invitan a la ciudadan\u00eda a colaborar con informaci\u00f3n relevante comunic\u00e1ndose al n\u00famero 800 614 2323, as\u00ed como a trav\u00e9s de sus canales oficiales y redes sociales.<\/p>\n<p>&nbsp;<\/p>\n<p>Fuente: infoabe<\/p>\n","protected":false},"excerpt":{"rendered":"<p>La\u00a0Fiscal\u00eda General del Estado de Michoac\u00e1n\u00a0(FGE) reporta la desaparici\u00f3n de\u00a0Alejandro Correa G\u00f3mez, expresidente municipal de\u00a0Zinap\u00e9cuaro, quien fue visto por \u00faltima vez la madrugada del 2 de noviembre en Tierras Coloradas, en el municipio de\u00a0Hidalgo. La FGE mantiene activa una\u00a0alerta de b\u00fasqueda\u00a0para localizar a Correa G\u00f3mez, quien naci\u00f3 el 31 de marzo de 1984 y actualmente [&hellip;]<\/p>\n","protected":false},"author":2,"featured_media":234198,"comment_status":"closed","ping_status":"closed","sticky":false,"template":"","format":"standard","meta":{"footnotes":""},"categories":[12870,172],"tags":[12865,12874],"class_list":["post-234197","post","type-post","status-publish","format-standard","has-post-thumbnail","hentry","category-destacadas","category-nacional","tag-destacadas","tag-nacional"],"jetpack_featured_media_url":"https:\/\/rnoticias.com.mx\/Portal\/wp-content\/uploads\/2025\/11\/alejandro-correa-gomez-edil-zinapecuaro-1.jpeg","amp_enabled":true,"_links":{"self":[{"href":"https:\/\/rnoticias.com.mx\/Portal\/wp-json\/wp\/v2\/posts\/234197","targetHints":{"allow":["GET"]}}],"collection":[{"href":"https:\/\/rnoticias.com.mx\/Portal\/wp-json\/wp\/v2\/posts"}],"about":[{"href":"https:\/\/rnoticias.com.mx\/Portal\/wp-json\/wp\/v2\/types\/post"}],"author":[{"embeddable":true,"href":"https:\/\/rnoticias.com.mx\/Portal\/wp-json\/wp\/v2\/users\/2"}],"replies":[{"embeddable":true,"href":"https:\/\/rnoticias.com.mx\/Portal\/wp-json\/wp\/v2\/comments?post=234197"}],"version-history":[{"count":1,"href":"https:\/\/rnoticias.com.mx\/Portal\/wp-json\/wp\/v2\/posts\/234197\/revisions"}],"predecessor-version":[{"id":234199,"href":"https:\/\/rnoticias.com.mx\/Portal\/wp-json\/wp\/v2\/posts\/234197\/revisions\/234199"}],"wp:featuredmedia":[{"embeddable":true,"href":"https:\/\/rnoticias.com.mx\/Portal\/wp-json\/wp\/v2\/media\/234198"}],"wp:attachment":[{"href":"https:\/\/rnoticias.com.mx\/Portal\/wp-json\/wp\/v2\/media?parent=234197"}],"wp:term":[{"taxonomy":"category","embeddable":true,"href":"https:\/\/rnoticias.com.mx\/Portal\/wp-json\/wp\/v2\/categories?post=234197"},{"taxonomy":"post_tag","embeddable":true,"href":"https:\/\/rnoticias.com.mx\/Portal\/wp-json\/wp\/v2\/tags?post=234197"}],"curies":[{"name":"wp","href":"https:\/\/api.w.org\/{rel}","templated":true}]}}