{"id":234122,"date":"2025-11-01T13:21:43","date_gmt":"2025-11-01T20:21:43","guid":{"rendered":"https:\/\/rnoticias.com.mx\/Portal\/?p=234122"},"modified":"2025-11-01T13:21:43","modified_gmt":"2025-11-01T20:21:43","slug":"reconoce-gobierno-municipal-esfuerzos-de-sociedad-civil-a-favor-de-la-cultura-de-la-paz-en-hermosillo","status":"publish","type":"post","link":"https:\/\/rnoticias.com.mx\/Portal\/2025\/11\/01\/reconoce-gobierno-municipal-esfuerzos-de-sociedad-civil-a-favor-de-la-cultura-de-la-paz-en-hermosillo\/","title":{"rendered":"Reconoce Gobierno Municipal esfuerzos de sociedad civil a favor de la cultura de la paz en Hermosillo"},"content":{"rendered":"<p><b data-olk-copy-source=\"MessageBody\">Hermosillo, Sonora; 01 de noviembre, 2025.- <\/b>Al reconocer el esfuerzo ciudadano de la Uni\u00f3n de Usuarios y el Instituto de Mediaci\u00f3n de M\u00e9xico realizan para aportar a la convivencia y cultura de la paz, el Secretario del Ayuntamiento, Eduardo Alejo Acu\u00f1a Padilla asisti\u00f3 a la inauguraci\u00f3n del segundo Centro de Mediaci\u00f3n Social de esta organizaci\u00f3n civil.<\/p>\n<p>\u201cSiempre reconocemos y seguiremos reconociendo esfuerzos ciudadanos como el que la Uni\u00f3n de Usuarios y del Instituto de Mediaci\u00f3n de M\u00e9xico realizan para aportar su granito de arena a mejorar la convivencia en nuestra ciudad\u201d, manifest\u00f3.<\/p>\n<p>Eduardo Alejo Acu\u00f1a Padilla en representaci\u00f3n del presidente municipal acompa\u00f1\u00f3 al dirigente de la Uni\u00f3n de Usuarios, Ignacio Peinado Luna, en la inauguraci\u00f3n del inmueble contiguo a sus instalaciones en el centro de la ciudad.<\/p>\n<p>Consider\u00f3 que la mediaci\u00f3n es la forma para dar el mejor cauce posible a la mayor\u00eda de los problemas que ocurren en una ciudad y con ello pacificar los entornos en que las personas se desenvuelven.<\/p>\n<p>Por su parte, Ignacio Peinado Luna coment\u00f3 que la Uni\u00f3n de Usuarios est\u00e1 pr\u00f3xima a cumplir su 59 aniversario, teniendo siempre presente que desde la sociedad civil se puede trascender y construir comunidad, en este caso con la materializaci\u00f3n de un segundo Centro de Mediaci\u00f3n Social en el que personas especializadas servir\u00e1n a la comunidad.<\/p>\n<p>Asistieron tambi\u00e9n Carlos Sosa Casta\u00f1eda, coordinador ejecutivo del Instituto de Movilidad y Transporte del Estado de Sonora; Jorge Pesqueira Leal, presidente del Instituto de Mediaci\u00f3n de M\u00e9xico y Luz de Lourdes Angulo L\u00f3pez, directora de dicha instituci\u00f3n.<\/p>\n","protected":false},"excerpt":{"rendered":"<p>Hermosillo, Sonora; 01 de noviembre, 2025.- Al reconocer el esfuerzo ciudadano de la Uni\u00f3n de Usuarios y el Instituto de Mediaci\u00f3n de M\u00e9xico realizan para aportar a la convivencia y cultura de la paz, el Secretario del Ayuntamiento, Eduardo Alejo Acu\u00f1a Padilla asisti\u00f3 a la inauguraci\u00f3n del segundo Centro de Mediaci\u00f3n Social de esta organizaci\u00f3n [&hellip;]<\/p>\n","protected":false},"author":2,"featured_media":234123,"comment_status":"closed","ping_status":"closed","sticky":false,"template":"","format":"standard","meta":{"footnotes":""},"categories":[12870,178],"tags":[12865,12869],"class_list":["post-234122","post","type-post","status-publish","format-standard","has-post-thumbnail","hentry","category-destacadas","category-local","tag-destacadas","tag-local"],"jetpack_featured_media_url":"https:\/\/rnoticias.com.mx\/Portal\/wp-content\/uploads\/2025\/11\/GobierMuniEsfuerzosSociedadCivilCulPaz.jpeg","amp_enabled":true,"_links":{"self":[{"href":"https:\/\/rnoticias.com.mx\/Portal\/wp-json\/wp\/v2\/posts\/234122","targetHints":{"allow":["GET"]}}],"collection":[{"href":"https:\/\/rnoticias.com.mx\/Portal\/wp-json\/wp\/v2\/posts"}],"about":[{"href":"https:\/\/rnoticias.com.mx\/Portal\/wp-json\/wp\/v2\/types\/post"}],"author":[{"embeddable":true,"href":"https:\/\/rnoticias.com.mx\/Portal\/wp-json\/wp\/v2\/users\/2"}],"replies":[{"embeddable":true,"href":"https:\/\/rnoticias.com.mx\/Portal\/wp-json\/wp\/v2\/comments?post=234122"}],"version-history":[{"count":1,"href":"https:\/\/rnoticias.com.mx\/Portal\/wp-json\/wp\/v2\/posts\/234122\/revisions"}],"predecessor-version":[{"id":234124,"href":"https:\/\/rnoticias.com.mx\/Portal\/wp-json\/wp\/v2\/posts\/234122\/revisions\/234124"}],"wp:featuredmedia":[{"embeddable":true,"href":"https:\/\/rnoticias.com.mx\/Portal\/wp-json\/wp\/v2\/media\/234123"}],"wp:attachment":[{"href":"https:\/\/rnoticias.com.mx\/Portal\/wp-json\/wp\/v2\/media?parent=234122"}],"wp:term":[{"taxonomy":"category","embeddable":true,"href":"https:\/\/rnoticias.com.mx\/Portal\/wp-json\/wp\/v2\/categories?post=234122"},{"taxonomy":"post_tag","embeddable":true,"href":"https:\/\/rnoticias.com.mx\/Portal\/wp-json\/wp\/v2\/tags?post=234122"}],"curies":[{"name":"wp","href":"https:\/\/api.w.org\/{rel}","templated":true}]}}